{"id":24738,"date":"2024-05-20T05:31:52","date_gmt":"2024-07-27T05:18:18","guid":{"rendered":"https:\/\/dreamy.tours\/?p=24738"},"modified":"2023-04-26T18:46:54","modified_gmt":"2023-04-26T23:46:54","slug":"o-que-ver-e-fazer-em-la-paz-na-bolivia","status":"publish","type":"post","link":"https:\/\/dreamy.tours\/pt-br\/blog\/o-que-ver-e-fazer-em-la-paz-na-bolivia\/","title":{"rendered":"O que ver? E fazer? Em La Paz na Bol\u00edvia"},"content":{"rendered":"\n<p>Oi blogueiros, hoje vamos falar do que ver e o que fazer em La Paz, estaremos dando dicas sobre tudo em La Paz. Saibam mais lendo no nosso blog abaixo.<\/p>\n\n\n\n<p>La Paz, na <strong><a href=\"https:\/\/dreamy.tours\/pt-br\/bolivia\/\">Bol\u00edvia<\/a><\/strong>, \u00e9 a capital mais alta do mundo, com uma altitude m\u00e9dia de 3.700 metros, Bol\u00edvia \u00e9 um, pais bem ind\u00edgenas, que ainda mant\u00eam bem as suas tradi\u00e7\u00f5es. E La Paz \u00e9 a cidade principal da Bol\u00edvia, onde mistura turistas de todas as partes do mundo com a sua popula\u00e7\u00e3o nativa.<\/p>\n\n\n\n<div id=\"ez-toc-container\" class=\"ez-toc-v2_0_82_2 counter-hierarchy ez-toc-counter ez-toc-grey ez-toc-container-direction\">\n<div class=\"ez-toc-title-container\">\n<p class=\"ez-toc-title\" style=\"cursor:inherit\">Table of Contents<\/p>\n<span class=\"ez-toc-title-toggle\"><a href=\"#\" class=\"ez-toc-pull-right ez-toc-btn ez-toc-btn-xs ez-toc-btn-default ez-toc-toggle\" aria-label=\"Alternar tabela de conte\u00fado\"><span class=\"ez-toc-js-icon-con\"><span class=\"\"><span class=\"eztoc-hide\" style=\"display:none;\">Toggle<\/span><span class=\"ez-toc-icon-toggle-span\"><svg style=\"fill: #999;color:#999\" xmlns=\"http:\/\/www.w3.org\/2000\/svg\" class=\"list-377408\" width=\"20px\" height=\"20px\" viewBox=\"0 0 24 24\" fill=\"none\"><path d=\"M6 6H4v2h2V6zm14 0H8v2h12V6zM4 11h2v2H4v-2zm16 0H8v2h12v-2zM4 16h2v2H4v-2zm16 0H8v2h12v-2z\" fill=\"currentColor\"><\/path><\/svg><svg style=\"fill: #999;color:#999\" class=\"arrow-unsorted-368013\" xmlns=\"http:\/\/www.w3.org\/2000\/svg\" width=\"10px\" height=\"10px\" viewBox=\"0 0 24 24\" version=\"1.2\" baseProfile=\"tiny\"><path d=\"M18.2 9.3l-6.2-6.3-6.2 6.3c-.2.2-.3.4-.3.7s.1.5.3.7c.2.2.4.3.7.3h11c.3 0 .5-.1.7-.3.2-.2.3-.5.3-.7s-.1-.5-.3-.7zM5.8 14.7l6.2 6.3 6.2-6.3c.2-.2.3-.5.3-.7s-.1-.5-.3-.7c-.2-.2-.4-.3-.7-.3h-11c-.3 0-.5.1-.7.3-.2.2-.3.5-.3.7s.1.5.3.7z\"\/><\/svg><\/span><\/span><\/span><\/a><\/span><\/div>\n<nav><ul class='ez-toc-list ez-toc-list-level-1 ' ><li class='ez-toc-page-1 ez-toc-heading-level-2'><a class=\"ez-toc-link ez-toc-heading-1\" href=\"https:\/\/dreamy.tours\/pt-br\/blog\/o-que-ver-e-fazer-em-la-paz-na-bolivia\/#Praca_de_Sao_Francisco_Igreja_Museo_Italiano\" >Pra\u00e7a de S\u00e3o Francisco + Igreja + Museo Italiano:<\/a><\/li><li class='ez-toc-page-1 ez-toc-heading-level-2'><a class=\"ez-toc-link ez-toc-heading-2\" href=\"https:\/\/dreamy.tours\/pt-br\/blog\/o-que-ver-e-fazer-em-la-paz-na-bolivia\/#Miradouro_do_Kili_Kili\" >Miradouro do Kili Kili:<\/a><\/li><li class='ez-toc-page-1 ez-toc-heading-level-2'><a class=\"ez-toc-link ez-toc-heading-3\" href=\"https:\/\/dreamy.tours\/pt-br\/blog\/o-que-ver-e-fazer-em-la-paz-na-bolivia\/#Mercado_das_Bruxas\" >Mercado das Bruxas:<\/a><\/li><li class='ez-toc-page-1 ez-toc-heading-level-2'><a class=\"ez-toc-link ez-toc-heading-4\" href=\"https:\/\/dreamy.tours\/pt-br\/blog\/o-que-ver-e-fazer-em-la-paz-na-bolivia\/#O_Mercado_Central\" >O Mercado Central:<\/a><\/li><li class='ez-toc-page-1 ez-toc-heading-level-2'><a class=\"ez-toc-link ez-toc-heading-5\" href=\"https:\/\/dreamy.tours\/pt-br\/blog\/o-que-ver-e-fazer-em-la-paz-na-bolivia\/#Calle_Jaen\" >Calle Ja\u00e9n:<\/a><\/li><li class='ez-toc-page-1 ez-toc-heading-level-2'><a class=\"ez-toc-link ez-toc-heading-6\" href=\"https:\/\/dreamy.tours\/pt-br\/blog\/o-que-ver-e-fazer-em-la-paz-na-bolivia\/#A_Praca_Murillo\" >A Pra\u00e7a Murillo:<\/a><\/li><li class='ez-toc-page-1 ez-toc-heading-level-2'><a class=\"ez-toc-link ez-toc-heading-7\" href=\"https:\/\/dreamy.tours\/pt-br\/blog\/o-que-ver-e-fazer-em-la-paz-na-bolivia\/#Contacto\" >Contacto:<\/a><\/li><\/ul><\/nav><\/div>\n<h2 class=\"wp-block-heading\"><span class=\"ez-toc-section\" id=\"Praca_de_Sao_Francisco_Igreja_Museo_Italiano\"><\/span>Pra\u00e7a de S\u00e3o Francisco + Igreja + Museo Italiano:<span class=\"ez-toc-section-end\"><\/span><\/h2>\n\n\n\n<figure class=\"wp-block-gallery has-nested-images columns-default is-cropped wp-block-gallery-1 is-layout-flex wp-block-gallery-is-layout-flex\">\n<figure class=\"wp-block-image size-large\"><img decoding=\"async\" width=\"1280\" height=\"720\" data-id=\"24748\" src=\"https:\/\/dreamy.tours\/wp-content\/uploads\/2023\/04\/Basilica-San-Francisco-Dreamy-tours.jpg\" alt=\"Plaza de San Francisco - Dreamy tours \" class=\"wp-image-24748\" srcset=\"https:\/\/dreamy.tours\/wp-content\/uploads\/2023\/04\/Basilica-San-Francisco-Dreamy-tours.jpg 1280w, https:\/\/dreamy.tours\/wp-content\/uploads\/2023\/04\/Basilica-San-Francisco-Dreamy-tours-768x432.jpg 768w\" sizes=\"(max-width: 1280px) 100vw, 1280px\" \/><figcaption class=\"wp-element-caption\">Plaza de San Francisco &#8211; Dreamy tours <\/figcaption><\/figure>\n\n\n\n<figure class=\"wp-block-image size-large\"><img decoding=\"async\" width=\"621\" height=\"433\" data-id=\"24751\" src=\"https:\/\/dreamy.tours\/wp-content\/uploads\/2023\/04\/Plaza-de-San-Francisco-Dreamy-tours-.jpg\" alt=\"Plaza de San Francisco - Dreamy tours \" class=\"wp-image-24751\"\/><figcaption class=\"wp-element-caption\">Plaza de San Francisco &#8211; Dreamy tours <\/figcaption><\/figure>\n<\/figure>\n\n\n\n<p>A Pra\u00e7a de S\u00e3o Francisco \u00e9 o cora\u00e7\u00e3o da cidade. \u00c9 o local ideal para ver, observar a vida local: vendedores que oferecem cart\u00f5es telef\u00f4nicos e lanches, pessoas que v\u00eam conversar nas escadas e assistir \u00e0 anima\u00e7\u00e3o de rua, e muito mais.<br>Tudo isto num cen\u00e1rio muito representativo de <strong><a href=\"https:\/\/dreamy.tours\/pt-br\/bolivia\/\">La Paz<\/a><\/strong>: a sumptuosa igreja de S\u00e3o Francisco e o seu museu de estilo italiano, alguns edif\u00edcios antigos, um pouco decr\u00e9pitos, mas muito bonitos, e depois alguns bares em edif\u00edcios pouco not\u00e1veis.<br>E, claro, n\u00e3o perca a igreja, \u00e9 impressionante. O interior \u00e9 bastante magn\u00edfico com a sua cor dourada, ret\u00e1bulos gigantes e numerosas est\u00e1tuas num estilo muito sul-americano.<\/p>\n\n\n\n<h2 class=\"wp-block-heading\"><span class=\"ez-toc-section\" id=\"Miradouro_do_Kili_Kili\"><\/span>Miradouro do Kili Kili:<span class=\"ez-toc-section-end\"><\/span><\/h2>\n\n\n\n<figure class=\"wp-block-gallery has-nested-images columns-default is-cropped wp-block-gallery-2 is-layout-flex wp-block-gallery-is-layout-flex\">\n<figure class=\"wp-block-image size-large\"><img decoding=\"async\" width=\"512\" height=\"370\" data-id=\"24755\" src=\"https:\/\/dreamy.tours\/wp-content\/uploads\/2023\/04\/mirador-killi-killi-la-paz-.jpg\" alt=\"mirador kili kili la paz\" class=\"wp-image-24755\"\/><figcaption class=\"wp-element-caption\">mirador kili kili la paz<\/figcaption><\/figure>\n\n\n\n<figure class=\"wp-block-image size-large\"><img decoding=\"async\" width=\"1280\" height=\"720\" data-id=\"24758\" src=\"https:\/\/dreamy.tours\/wp-content\/uploads\/2023\/04\/mirador-killi-killi-la-paz-1.jpg\" alt=\"mirador kili kili la paz\" class=\"wp-image-24758\" srcset=\"https:\/\/dreamy.tours\/wp-content\/uploads\/2023\/04\/mirador-killi-killi-la-paz-1.jpg 1280w, https:\/\/dreamy.tours\/wp-content\/uploads\/2023\/04\/mirador-killi-killi-la-paz-1-768x432.jpg 768w\" sizes=\"(max-width: 1280px) 100vw, 1280px\" \/><figcaption class=\"wp-element-caption\">mirador kili kili la paz<\/figcaption><\/figure>\n<\/figure>\n\n\n\n<p>Este miradouro no topo da cidade d\u00e1-lhe uma perspectiva toda a cidade de <strong><a href=\"https:\/\/dreamy.tours\/pt-br\/bolivia\/\">La Paz<\/a><\/strong>. Voc\u00ea ter\u00e1 uma vista de 360\u00ba da cidade e da bel\u00edssima montanha Huayna Potos\u00ed, onde poder\u00e1 tirar as suas melhores fotografias.<\/p>\n\n\n\n<h2 class=\"wp-block-heading\"><span class=\"ez-toc-section\" id=\"Mercado_das_Bruxas\"><\/span>Mercado das Bruxas:<span class=\"ez-toc-section-end\"><\/span><\/h2>\n\n\n\n<figure class=\"wp-block-gallery has-nested-images columns-default is-cropped wp-block-gallery-3 is-layout-flex wp-block-gallery-is-layout-flex\">\n<figure class=\"wp-block-image size-large\"><img decoding=\"async\" width=\"326\" height=\"428\" data-id=\"24761\" src=\"https:\/\/dreamy.tours\/wp-content\/uploads\/2023\/04\/mercado-de-las-brujas-dreamy-tours1-.jpg\" alt=\"mercado de las brujas - dreamy tours1\" class=\"wp-image-24761\"\/><figcaption class=\"wp-element-caption\">mercado de las brujas &#8211; dreamy tours1<\/figcaption><\/figure>\n\n\n\n<figure class=\"wp-block-image size-large\"><img decoding=\"async\" width=\"625\" height=\"393\" data-id=\"24764\" src=\"https:\/\/dreamy.tours\/wp-content\/uploads\/2023\/04\/mercado-de-las-brujas-dreamy-tours-.jpg\" alt=\"mercado de las brujas - dreamy tours1\" class=\"wp-image-24764\"\/><figcaption class=\"wp-element-caption\">mercado de las brujas &#8211; dreamy tours1<\/figcaption><\/figure>\n<\/figure>\n\n\n\n<p>Atr\u00e1s da Bas\u00edlica de S\u00e3o Francisco em <strong><a href=\"https:\/\/dreamy.tours\/pt-br\/bolivia\/\">La Paz<\/a><\/strong> encontra-se o Mercado das Bruxas. Este intrincado bairro de ruas estreitas ir\u00e1 cativ\u00e1-lo com a sua magia, mas n\u00e3o \u00e9 apenas a arquitetura das ruas que o envolver\u00e1 com algo especial, s\u00e3o tamb\u00e9m as bancas. Aqui pode encontrar de tudo, desde fetos de animais para diferentes rituais, principalmente lhamas, at\u00e9 po\u00e7\u00f5es do amor e misturas.<\/p>\n\n\n\n<h2 class=\"wp-block-heading\"><span class=\"ez-toc-section\" id=\"O_Mercado_Central\"><\/span>O Mercado Central:<span class=\"ez-toc-section-end\"><\/span><\/h2>\n\n\n\n<p>Se voc\u00ea \u00e9 daqueles que gostam de experimentar a comida local se frescuras, e nada melhor do que um almo\u00e7o barato, saboroso e t\u00edpico boliviano.<br>Ent\u00e3o, no Mercado Central de La Paz na <strong><a href=\"https:\/\/dreamy.tours\/pt-br\/bolivia\/\">Bolivia<\/a><\/strong>, voc\u00ea ver\u00e1 diferentes bancas que v\u00e3o p\u00f4r \u00e0 prova o teu paladar. Al\u00e9m disso, podes sempre terminar com um saboroso suco batido com todas as frutas da tua escolha.<\/p>\n\n\n\n<h2 class=\"wp-block-heading\"><span class=\"ez-toc-section\" id=\"Calle_Jaen\"><\/span>Calle Ja\u00e9n: <span class=\"ez-toc-section-end\"><\/span><\/h2>\n\n\n\n<figure class=\"wp-block-gallery has-nested-images columns-default is-cropped wp-block-gallery-4 is-layout-flex wp-block-gallery-is-layout-flex\">\n<figure class=\"wp-block-image size-large\"><img decoding=\"async\" width=\"249\" height=\"404\" data-id=\"24767\" src=\"https:\/\/dreamy.tours\/wp-content\/uploads\/2023\/04\/calle-jaen-la-paz-bolivia-dreamy-tours-.jpg\" alt=\"calle jaen la paz bolivia - dreamy tours\" class=\"wp-image-24767\"\/><figcaption class=\"wp-element-caption\">calle jaen la paz bolivia &#8211; dreamy tours<\/figcaption><\/figure>\n\n\n\n<figure class=\"wp-block-image size-large\"><img decoding=\"async\" width=\"284\" height=\"427\" data-id=\"24770\" src=\"https:\/\/dreamy.tours\/wp-content\/uploads\/2023\/04\/calle-jaen-la-paz-bolivia-dreamy-tours1-.jpg\" alt=\"calle jaen la paz bolivia - dreamy tours\" class=\"wp-image-24770\"\/><figcaption class=\"wp-element-caption\">calle jaen la paz bolivia &#8211; dreamy tours<\/figcaption><\/figure>\n<\/figure>\n\n\n\n<p>Dizem as lendas locais que esta rua est\u00e1 relacionada com os fantasmas, a Calle Ja\u00e9n, \u00e9 uma rua na parte antiga da cidade, com casas de estilo colonial pintadas de cores vivas, muito agrad\u00e1vel para passear durante o dia. Diz-se que os fantasmas aparecem \u00e0 noite para aqueles que a percorrem.<br>Fora essa coisa de lenda h\u00e1.ha! h\u00e1 muitos museus e locais mais bo\u00e9mios nesta rua que o far\u00e3o sentir como se n\u00e3o estivesse em <strong><a href=\"https:\/\/dreamy.tours\/pt-br\/bolivia\/\">La Paz.<\/a><\/strong><\/p>\n\n\n\n<h2 class=\"wp-block-heading\"><span class=\"ez-toc-section\" id=\"A_Praca_Murillo\"><\/span>A Pra\u00e7a Murillo:<span class=\"ez-toc-section-end\"><\/span><\/h2>\n\n\n\n<figure class=\"wp-block-gallery has-nested-images columns-default is-cropped wp-block-gallery-5 is-layout-flex wp-block-gallery-is-layout-flex\">\n<figure class=\"wp-block-image size-large\"><img decoding=\"async\" width=\"627\" height=\"436\" data-id=\"24773\" src=\"https:\/\/dreamy.tours\/wp-content\/uploads\/2023\/04\/Plaza-de-Murillo-Dreamy-tours-.jpg\" alt=\"Plaza de Murillo - Dreamy tours\" class=\"wp-image-24773\"\/><figcaption class=\"wp-element-caption\">Plaza de Murillo &#8211; Dreamy tours<\/figcaption><\/figure>\n\n\n\n<figure class=\"wp-block-image size-large\"><img decoding=\"async\" width=\"574\" height=\"433\" data-id=\"24776\" src=\"https:\/\/dreamy.tours\/wp-content\/uploads\/2023\/04\/Plaza-de-Murillo-Dreamy-tours1-.jpg\" alt=\"Plaza de Murillo - Dreamy tours\" class=\"wp-image-24776\"\/><figcaption class=\"wp-element-caption\">Plaza de Murillo &#8211; Dreamy tours<\/figcaption><\/figure>\n<\/figure>\n\n\n\n<p>Situada no centro da cidade, nesta pra\u00e7a pode relaxar debaixo das \u00e1rvores, observando o passeio tranquilo dos turistas misturado com a az\u00e1fama dos trabalhadores.<\/p>\n\n\n\n<h2 class=\"wp-block-heading\" id=\"h-contact-us\"><span class=\"ez-toc-section\" id=\"Contacto\"><\/span>Contacto:<span class=\"ez-toc-section-end\"><\/span><\/h2>\n\n\n\n<p>Para mais informa\u00e7\u00f5es, por favor contate-nos&nbsp;<strong><a href=\"https:\/\/dreamy.tours\/pt-br\/quem-somos\/\">DREAMY TOURS<\/a><\/strong>, teremos todo o prazer em responder a todas as suas perguntas sobre excurs\u00f5es pelo Peru e&nbsp;<strong><a href=\"https:\/\/dreamy.tours\/pt-br\/bolivia\/\">Bol\u00edvia<\/a><\/strong>.<\/p>\n\n\n\n<p>Somos uma ag\u00eancia de viagens especializada em viagens organizadas e personalizadas a sua maneira.<\/p>\n\n\n\n<p><strong>Oferecemos excurs\u00f5es nestas cidades do Peru:<\/strong><\/p>\n\n\n\n<p><strong><a href=\"https:\/\/dreamy.tours\/es\/tours-en-cusco\/\">Cusco<\/a><\/strong>.<\/p>\n\n\n\n<p><strong><a href=\"https:\/\/dreamy.tours\/es\/cusco\/machu-picchu\/\">MachuPicchu<\/a><\/strong>.<\/p>\n\n\n\n<p><strong><a href=\"https:\/\/dreamy.tours\/es\/tours-en-arequipa\/\">Arequipa<\/a><\/strong>.<\/p>\n\n\n\n<p><strong><a href=\"https:\/\/dreamy.tours\/es\/tours-en-puno\/\">Puno<\/a><\/strong>.<\/p>\n\n\n\n<p><strong><a href=\"https:\/\/dreamy.tours\/es\/tours-en-lima\/\">Lima<\/a><\/strong>.<\/p>\n\n\n\n<p><strong><a href=\"https:\/\/dreamy.tours\/es\/paquetes-peru\/paquetes-turistico-peru-trujillo-chiclayo-cajamarca-11-dias\/\">Trujillo &amp; Chiclayo<\/a><\/strong>.<\/p>\n\n\n\n<p><strong><a href=\"https:\/\/dreamy.tours\/es\/tours-selva-puerto-maldonado\/\">Puerto Maldonado<\/a><\/strong>.<\/p>\n\n\n\n<p><strong><a href=\"https:\/\/dreamy.tours\/es\/tours-ica-paracas-nazca\/\">Ica Paracas Nasca<\/a><\/strong>.<\/p>\n\n\n\n<p><strong><a href=\"https:\/\/dreamy.tours\/es\/paquetes-y-tours-a-iquitos\/\">Iquitos<\/a><\/strong>.<\/p>\n\n\n\n<p><strong><a href=\"https:\/\/dreamy.tours\/es\/chachapoyas\/\">Chachapoyas<\/a><\/strong>.<\/p>\n\n\n\n<p><strong><a href=\"https:\/\/dreamy.tours\/pt-br\/huaraz\/\">Huaraz<\/a><\/strong>.<\/p>\n","protected":false},"excerpt":{"rendered":"<p>Oi blogueiros, hoje vamos falar do que ver e o que fazer em La Paz, estaremos dando dicas sobre tudo em La Paz. Saibam mais lendo no nosso blog abaixo&#8230;<\/p>\n","protected":false},"author":4,"featured_media":24776,"comment_status":"closed","ping_status":"closed","sticky":false,"template":"","format":"standard","meta":{"_acf_changed":false,"advgb_blocks_editor_width":"","advgb_blocks_columns_visual_guide":"","footnotes":""},"categories":[58],"tags":[],"class_list":["post-24738","post","type-post","status-publish","format-standard","has-post-thumbnail","hentry","category-bolivia-dicas"],"acf":[],"yoast_head":"<!-- This site is optimized with the Yoast SEO Premium plugin v25.4 (Yoast SEO v27.5) - https:\/\/yoast.com\/product\/yoast-seo-premium-wordpress\/ -->\n<title>La Paz, na Bol\u00edvia, \u00e9 a capital mais alta do mundo, bem exotico<\/title>\n<meta name=\"description\" content=\"La Paz, na Bol\u00edvia, \u00e9 a capital mais alta do mundo, com uma altitude m\u00e9dia de 3.700 metros, Bol\u00edvia \u00e9 um, pais bem ind\u00edgenas, ex\u00f3tico\" \/>\n<meta name=\"robots\" content=\"index, follow, max-snippet:-1, max-image-preview:large, max-video-preview:-1\" \/>\n<link rel=\"canonical\" href=\"https:\/\/dreamy.tours\/pt-br\/blog\/o-que-ver-e-fazer-em-la-paz-na-bolivia\/\" \/>\n<meta property=\"og:locale\" content=\"pt_BR\" \/>\n<meta property=\"og:type\" content=\"article\" \/>\n<meta property=\"og:title\" content=\"O que ver? E fazer? Em La Paz na Bol\u00edvia\" \/>\n<meta property=\"og:description\" content=\"La Paz, na Bol\u00edvia, \u00e9 a capital mais alta do mundo, com uma altitude m\u00e9dia de 3.700 metros, Bol\u00edvia \u00e9 um, pais bem ind\u00edgenas, ex\u00f3tico\" \/>\n<meta property=\"og:url\" content=\"https:\/\/dreamy.tours\/pt-br\/blog\/o-que-ver-e-fazer-em-la-paz-na-bolivia\/\" \/>\n<meta property=\"og:site_name\" content=\"Dreamy Tours\" \/>\n<meta property=\"article:publisher\" content=\"https:\/\/www.facebook.com\/dreamytours\" \/>\n<meta property=\"article:published_time\" content=\"2024-07-27T05:18:18+00:00\" \/>\n<meta property=\"og:image\" content=\"https:\/\/dreamy.tours\/wp-content\/uploads\/2023\/04\/Plaza-de-Murillo-Dreamy-tours1-.jpg\" \/>\n\t<meta property=\"og:image:width\" content=\"574\" \/>\n\t<meta property=\"og:image:height\" content=\"433\" \/>\n\t<meta property=\"og:image:type\" content=\"image\/jpeg\" \/>\n<meta name=\"author\" content=\"Bento J.\" \/>\n<meta name=\"twitter:card\" content=\"summary_large_image\" \/>\n<meta name=\"twitter:creator\" content=\"@admin_dt\" \/>\n<meta name=\"twitter:site\" content=\"@Dreamy_tours\" \/>\n<meta name=\"twitter:label1\" content=\"Escrito por\" \/>\n\t<meta name=\"twitter:data1\" content=\"Bento J.\" \/>\n\t<meta name=\"twitter:label2\" content=\"Est. tempo de leitura\" \/>\n\t<meta name=\"twitter:data2\" content=\"3 minutos\" \/>\n<script type=\"application\/ld+json\" class=\"yoast-schema-graph\">{\"@context\":\"https:\\\/\\\/schema.org\",\"@graph\":[{\"@type\":\"Article\",\"@id\":\"https:\\\/\\\/dreamy.tours\\\/pt-br\\\/blog\\\/o-que-ver-e-fazer-em-la-paz-na-bolivia\\\/#article\",\"isPartOf\":{\"@id\":\"https:\\\/\\\/dreamy.tours\\\/pt-br\\\/blog\\\/o-que-ver-e-fazer-em-la-paz-na-bolivia\\\/\"},\"author\":{\"name\":\"Bento J.\",\"@id\":\"https:\\\/\\\/dreamy.tours\\\/pt-br\\\/#\\\/schema\\\/person\\\/a6ec239f7212db90b9e45b75c4f3de36\"},\"headline\":\"O que ver? E fazer? Em La Paz na Bol\u00edvia\",\"datePublished\":\"2024-07-27T05:18:18+00:00\",\"mainEntityOfPage\":{\"@id\":\"https:\\\/\\\/dreamy.tours\\\/pt-br\\\/blog\\\/o-que-ver-e-fazer-em-la-paz-na-bolivia\\\/\"},\"wordCount\":662,\"publisher\":{\"@id\":\"https:\\\/\\\/dreamy.tours\\\/pt-br\\\/#organization\"},\"image\":{\"@id\":\"https:\\\/\\\/dreamy.tours\\\/pt-br\\\/blog\\\/o-que-ver-e-fazer-em-la-paz-na-bolivia\\\/#primaryimage\"},\"thumbnailUrl\":\"https:\\\/\\\/dreamy.tours\\\/wp-content\\\/uploads\\\/2023\\\/04\\\/Plaza-de-Murillo-Dreamy-tours1-.jpg\",\"articleSection\":[\"Bolivia dicas\"],\"inLanguage\":\"pt-BR\"},{\"@type\":\"WebPage\",\"@id\":\"https:\\\/\\\/dreamy.tours\\\/pt-br\\\/blog\\\/o-que-ver-e-fazer-em-la-paz-na-bolivia\\\/\",\"url\":\"https:\\\/\\\/dreamy.tours\\\/pt-br\\\/blog\\\/o-que-ver-e-fazer-em-la-paz-na-bolivia\\\/\",\"name\":\"La Paz, na Bol\u00edvia, \u00e9 a capital mais alta do mundo, bem exotico\",\"isPartOf\":{\"@id\":\"https:\\\/\\\/dreamy.tours\\\/pt-br\\\/#website\"},\"primaryImageOfPage\":{\"@id\":\"https:\\\/\\\/dreamy.tours\\\/pt-br\\\/blog\\\/o-que-ver-e-fazer-em-la-paz-na-bolivia\\\/#primaryimage\"},\"image\":{\"@id\":\"https:\\\/\\\/dreamy.tours\\\/pt-br\\\/blog\\\/o-que-ver-e-fazer-em-la-paz-na-bolivia\\\/#primaryimage\"},\"thumbnailUrl\":\"https:\\\/\\\/dreamy.tours\\\/wp-content\\\/uploads\\\/2023\\\/04\\\/Plaza-de-Murillo-Dreamy-tours1-.jpg\",\"datePublished\":\"2024-07-27T05:18:18+00:00\",\"description\":\"La Paz, na Bol\u00edvia, \u00e9 a capital mais alta do mundo, com uma altitude m\u00e9dia de 3.700 metros, Bol\u00edvia \u00e9 um, pais bem ind\u00edgenas, ex\u00f3tico\",\"breadcrumb\":{\"@id\":\"https:\\\/\\\/dreamy.tours\\\/pt-br\\\/blog\\\/o-que-ver-e-fazer-em-la-paz-na-bolivia\\\/#breadcrumb\"},\"inLanguage\":\"pt-BR\",\"potentialAction\":[{\"@type\":\"ReadAction\",\"target\":[\"https:\\\/\\\/dreamy.tours\\\/pt-br\\\/blog\\\/o-que-ver-e-fazer-em-la-paz-na-bolivia\\\/\"]}]},{\"@type\":\"ImageObject\",\"inLanguage\":\"pt-BR\",\"@id\":\"https:\\\/\\\/dreamy.tours\\\/pt-br\\\/blog\\\/o-que-ver-e-fazer-em-la-paz-na-bolivia\\\/#primaryimage\",\"url\":\"https:\\\/\\\/dreamy.tours\\\/wp-content\\\/uploads\\\/2023\\\/04\\\/Plaza-de-Murillo-Dreamy-tours1-.jpg\",\"contentUrl\":\"https:\\\/\\\/dreamy.tours\\\/wp-content\\\/uploads\\\/2023\\\/04\\\/Plaza-de-Murillo-Dreamy-tours1-.jpg\",\"width\":574,\"height\":433,\"caption\":\"Plaza de Murillo - Dreamy tours\"},{\"@type\":\"BreadcrumbList\",\"@id\":\"https:\\\/\\\/dreamy.tours\\\/pt-br\\\/blog\\\/o-que-ver-e-fazer-em-la-paz-na-bolivia\\\/#breadcrumb\",\"itemListElement\":[{\"@type\":\"ListItem\",\"position\":1,\"name\":\"Home\",\"item\":\"https:\\\/\\\/dreamy.tours\\\/pt-br\\\/\"},{\"@type\":\"ListItem\",\"position\":2,\"name\":\"O que ver? E fazer? Em La Paz na Bol\u00edvia\"}]},{\"@type\":\"WebSite\",\"@id\":\"https:\\\/\\\/dreamy.tours\\\/pt-br\\\/#website\",\"url\":\"https:\\\/\\\/dreamy.tours\\\/pt-br\\\/\",\"name\":\"Dreamy Tours\",\"description\":\"\",\"publisher\":{\"@id\":\"https:\\\/\\\/dreamy.tours\\\/pt-br\\\/#organization\"},\"potentialAction\":[{\"@type\":\"SearchAction\",\"target\":{\"@type\":\"EntryPoint\",\"urlTemplate\":\"https:\\\/\\\/dreamy.tours\\\/pt-br\\\/?s={search_term_string}\"},\"query-input\":{\"@type\":\"PropertyValueSpecification\",\"valueRequired\":true,\"valueName\":\"search_term_string\"}}],\"inLanguage\":\"pt-BR\"},{\"@type\":\"Organization\",\"@id\":\"https:\\\/\\\/dreamy.tours\\\/pt-br\\\/#organization\",\"name\":\"Dreamy Tours\",\"url\":\"https:\\\/\\\/dreamy.tours\\\/pt-br\\\/\",\"logo\":{\"@type\":\"ImageObject\",\"inLanguage\":\"pt-BR\",\"@id\":\"https:\\\/\\\/dreamy.tours\\\/pt-br\\\/#\\\/schema\\\/logo\\\/image\\\/\",\"url\":\"https:\\\/\\\/dreamy.tours\\\/wp-content\\\/uploads\\\/dreamy-tour-cuadrado.jpg\",\"contentUrl\":\"https:\\\/\\\/dreamy.tours\\\/wp-content\\\/uploads\\\/dreamy-tour-cuadrado.jpg\",\"width\":696,\"height\":696,\"caption\":\"Dreamy Tours\"},\"image\":{\"@id\":\"https:\\\/\\\/dreamy.tours\\\/pt-br\\\/#\\\/schema\\\/logo\\\/image\\\/\"},\"sameAs\":[\"https:\\\/\\\/www.facebook.com\\\/dreamytours\",\"https:\\\/\\\/x.com\\\/Dreamy_tours\",\"https:\\\/\\\/www.instagram.com\\\/dreamy_tours\\\/\",\"https:\\\/\\\/www.pinterest.es\\\/dreamy_tours\\\/\",\"https:\\\/\\\/www.youtube.com\\\/channel\\\/UCGKP_C9x8GBYl7l8D0QD9Fg\"]},{\"@type\":\"Person\",\"@id\":\"https:\\\/\\\/dreamy.tours\\\/pt-br\\\/#\\\/schema\\\/person\\\/a6ec239f7212db90b9e45b75c4f3de36\",\"name\":\"Bento J.\",\"sameAs\":[\"https:\\\/\\\/x.com\\\/admin_dt\"]}]}<\/script>\n<!-- \/ Yoast SEO Premium plugin. -->","yoast_head_json":{"title":"La Paz, na Bol\u00edvia, \u00e9 a capital mais alta do mundo, bem exotico","description":"La Paz, na Bol\u00edvia, \u00e9 a capital mais alta do mundo, com uma altitude m\u00e9dia de 3.700 metros, Bol\u00edvia \u00e9 um, pais bem ind\u00edgenas, ex\u00f3tico","robots":{"index":"index","follow":"follow","max-snippet":"max-snippet:-1","max-image-preview":"max-image-preview:large","max-video-preview":"max-video-preview:-1"},"canonical":"https:\/\/dreamy.tours\/pt-br\/blog\/o-que-ver-e-fazer-em-la-paz-na-bolivia\/","og_locale":"pt_BR","og_type":"article","og_title":"O que ver? E fazer? Em La Paz na Bol\u00edvia","og_description":"La Paz, na Bol\u00edvia, \u00e9 a capital mais alta do mundo, com uma altitude m\u00e9dia de 3.700 metros, Bol\u00edvia \u00e9 um, pais bem ind\u00edgenas, ex\u00f3tico","og_url":"https:\/\/dreamy.tours\/pt-br\/blog\/o-que-ver-e-fazer-em-la-paz-na-bolivia\/","og_site_name":"Dreamy Tours","article_publisher":"https:\/\/www.facebook.com\/dreamytours","article_published_time":"2024-07-27T05:18:18+00:00","og_image":[{"width":574,"height":433,"url":"https:\/\/dreamy.tours\/wp-content\/uploads\/2023\/04\/Plaza-de-Murillo-Dreamy-tours1-.jpg","type":"image\/jpeg"}],"author":"Bento J.","twitter_card":"summary_large_image","twitter_creator":"@admin_dt","twitter_site":"@Dreamy_tours","twitter_misc":{"Escrito por":"Bento J.","Est. tempo de leitura":"3 minutos"},"schema":{"@context":"https:\/\/schema.org","@graph":[{"@type":"Article","@id":"https:\/\/dreamy.tours\/pt-br\/blog\/o-que-ver-e-fazer-em-la-paz-na-bolivia\/#article","isPartOf":{"@id":"https:\/\/dreamy.tours\/pt-br\/blog\/o-que-ver-e-fazer-em-la-paz-na-bolivia\/"},"author":{"name":"Bento J.","@id":"https:\/\/dreamy.tours\/pt-br\/#\/schema\/person\/a6ec239f7212db90b9e45b75c4f3de36"},"headline":"O que ver? E fazer? Em La Paz na Bol\u00edvia","datePublished":"2024-07-27T05:18:18+00:00","mainEntityOfPage":{"@id":"https:\/\/dreamy.tours\/pt-br\/blog\/o-que-ver-e-fazer-em-la-paz-na-bolivia\/"},"wordCount":662,"publisher":{"@id":"https:\/\/dreamy.tours\/pt-br\/#organization"},"image":{"@id":"https:\/\/dreamy.tours\/pt-br\/blog\/o-que-ver-e-fazer-em-la-paz-na-bolivia\/#primaryimage"},"thumbnailUrl":"https:\/\/dreamy.tours\/wp-content\/uploads\/2023\/04\/Plaza-de-Murillo-Dreamy-tours1-.jpg","articleSection":["Bolivia dicas"],"inLanguage":"pt-BR"},{"@type":"WebPage","@id":"https:\/\/dreamy.tours\/pt-br\/blog\/o-que-ver-e-fazer-em-la-paz-na-bolivia\/","url":"https:\/\/dreamy.tours\/pt-br\/blog\/o-que-ver-e-fazer-em-la-paz-na-bolivia\/","name":"La Paz, na Bol\u00edvia, \u00e9 a capital mais alta do mundo, bem exotico","isPartOf":{"@id":"https:\/\/dreamy.tours\/pt-br\/#website"},"primaryImageOfPage":{"@id":"https:\/\/dreamy.tours\/pt-br\/blog\/o-que-ver-e-fazer-em-la-paz-na-bolivia\/#primaryimage"},"image":{"@id":"https:\/\/dreamy.tours\/pt-br\/blog\/o-que-ver-e-fazer-em-la-paz-na-bolivia\/#primaryimage"},"thumbnailUrl":"https:\/\/dreamy.tours\/wp-content\/uploads\/2023\/04\/Plaza-de-Murillo-Dreamy-tours1-.jpg","datePublished":"2024-07-27T05:18:18+00:00","description":"La Paz, na Bol\u00edvia, \u00e9 a capital mais alta do mundo, com uma altitude m\u00e9dia de 3.700 metros, Bol\u00edvia \u00e9 um, pais bem ind\u00edgenas, ex\u00f3tico","breadcrumb":{"@id":"https:\/\/dreamy.tours\/pt-br\/blog\/o-que-ver-e-fazer-em-la-paz-na-bolivia\/#breadcrumb"},"inLanguage":"pt-BR","potentialAction":[{"@type":"ReadAction","target":["https:\/\/dreamy.tours\/pt-br\/blog\/o-que-ver-e-fazer-em-la-paz-na-bolivia\/"]}]},{"@type":"ImageObject","inLanguage":"pt-BR","@id":"https:\/\/dreamy.tours\/pt-br\/blog\/o-que-ver-e-fazer-em-la-paz-na-bolivia\/#primaryimage","url":"https:\/\/dreamy.tours\/wp-content\/uploads\/2023\/04\/Plaza-de-Murillo-Dreamy-tours1-.jpg","contentUrl":"https:\/\/dreamy.tours\/wp-content\/uploads\/2023\/04\/Plaza-de-Murillo-Dreamy-tours1-.jpg","width":574,"height":433,"caption":"Plaza de Murillo - Dreamy tours"},{"@type":"BreadcrumbList","@id":"https:\/\/dreamy.tours\/pt-br\/blog\/o-que-ver-e-fazer-em-la-paz-na-bolivia\/#breadcrumb","itemListElement":[{"@type":"ListItem","position":1,"name":"Home","item":"https:\/\/dreamy.tours\/pt-br\/"},{"@type":"ListItem","position":2,"name":"O que ver? E fazer? Em La Paz na Bol\u00edvia"}]},{"@type":"WebSite","@id":"https:\/\/dreamy.tours\/pt-br\/#website","url":"https:\/\/dreamy.tours\/pt-br\/","name":"Dreamy Tours","description":"","publisher":{"@id":"https:\/\/dreamy.tours\/pt-br\/#organization"},"potentialAction":[{"@type":"SearchAction","target":{"@type":"EntryPoint","urlTemplate":"https:\/\/dreamy.tours\/pt-br\/?s={search_term_string}"},"query-input":{"@type":"PropertyValueSpecification","valueRequired":true,"valueName":"search_term_string"}}],"inLanguage":"pt-BR"},{"@type":"Organization","@id":"https:\/\/dreamy.tours\/pt-br\/#organization","name":"Dreamy Tours","url":"https:\/\/dreamy.tours\/pt-br\/","logo":{"@type":"ImageObject","inLanguage":"pt-BR","@id":"https:\/\/dreamy.tours\/pt-br\/#\/schema\/logo\/image\/","url":"https:\/\/dreamy.tours\/wp-content\/uploads\/dreamy-tour-cuadrado.jpg","contentUrl":"https:\/\/dreamy.tours\/wp-content\/uploads\/dreamy-tour-cuadrado.jpg","width":696,"height":696,"caption":"Dreamy Tours"},"image":{"@id":"https:\/\/dreamy.tours\/pt-br\/#\/schema\/logo\/image\/"},"sameAs":["https:\/\/www.facebook.com\/dreamytours","https:\/\/x.com\/Dreamy_tours","https:\/\/www.instagram.com\/dreamy_tours\/","https:\/\/www.pinterest.es\/dreamy_tours\/","https:\/\/www.youtube.com\/channel\/UCGKP_C9x8GBYl7l8D0QD9Fg"]},{"@type":"Person","@id":"https:\/\/dreamy.tours\/pt-br\/#\/schema\/person\/a6ec239f7212db90b9e45b75c4f3de36","name":"Bento J.","sameAs":["https:\/\/x.com\/admin_dt"]}]}},"author_meta":{"display_name":"Bento J.","author_link":"https:\/\/dreamy.tours\/pt-br\/blog\/author\/dreamy_upt\/"},"featured_img":"https:\/\/dreamy.tours\/wp-content\/uploads\/2023\/04\/Plaza-de-Murillo-Dreamy-tours1-.jpg","coauthors":[],"tax_additional":{"categories":{"linked":["<a href=\"https:\/\/dreamy.tours\/pt-br\/blog\/category\/bolivia-dicas\/\" class=\"advgb-post-tax-term\">Bolivia dicas<\/a>"],"unlinked":["<span class=\"advgb-post-tax-term\">Bolivia dicas<\/span>"]}},"comment_count":"0","relative_dates":{"created":"Publicado 2 anos atr\u00e1s","modified":"Atualizado 3 anos atr\u00e1s"},"absolute_dates":{"created":"Publicado em 20 maio, 2024","modified":"Atualizado em 26 abril, 2023"},"absolute_dates_time":{"created":"Publicado em 20 maio, 2024 5:31 am","modified":"Atualizado em 26 abril, 2023 6:46 pm"},"featured_img_caption":"Plaza de Murillo - Dreamy tours","series_order":"","_links":{"self":[{"href":"https:\/\/dreamy.tours\/pt-br\/wp-json\/wp\/v2\/posts\/24738","targetHints":{"allow":["GET"]}}],"collection":[{"href":"https:\/\/dreamy.tours\/pt-br\/wp-json\/wp\/v2\/posts"}],"about":[{"href":"https:\/\/dreamy.tours\/pt-br\/wp-json\/wp\/v2\/types\/post"}],"author":[{"embeddable":true,"href":"https:\/\/dreamy.tours\/pt-br\/wp-json\/wp\/v2\/users\/4"}],"replies":[{"embeddable":true,"href":"https:\/\/dreamy.tours\/pt-br\/wp-json\/wp\/v2\/comments?post=24738"}],"version-history":[{"count":0,"href":"https:\/\/dreamy.tours\/pt-br\/wp-json\/wp\/v2\/posts\/24738\/revisions"}],"wp:featuredmedia":[{"embeddable":true,"href":"https:\/\/dreamy.tours\/pt-br\/wp-json\/wp\/v2\/media\/24776"}],"wp:attachment":[{"href":"https:\/\/dreamy.tours\/pt-br\/wp-json\/wp\/v2\/media?parent=24738"}],"wp:term":[{"taxonomy":"category","embeddable":true,"href":"https:\/\/dreamy.tours\/pt-br\/wp-json\/wp\/v2\/categories?post=24738"},{"taxonomy":"post_tag","embeddable":true,"href":"https:\/\/dreamy.tours\/pt-br\/wp-json\/wp\/v2\/tags?post=24738"}],"curies":[{"name":"wp","href":"https:\/\/api.w.org\/{rel}","templated":true}]}}