{"id":1561,"date":"2025-02-18T06:51:04","date_gmt":"2024-03-23T21:37:43","guid":{"rendered":"https:\/\/dreamy.tours\/?p=6209"},"modified":"2025-07-09T17:35:22","modified_gmt":"2025-07-09T22:35:22","slug":"quando-e-comemorado-o-dia-mundial-do-turismo","status":"publish","type":"post","link":"https:\/\/dreamy.tours\/pt-br\/blog\/quando-e-comemorado-o-dia-mundial-do-turismo\/","title":{"rendered":"QUANDO \u00c9 COMEMORADO O DIA MUNDIAL DO TURISMO?"},"content":{"rendered":"\n<p>Em 1979, a Organiza\u00e7\u00e3o Mundial do Turismo (UNWTO) proclamou o dia 27 de setembro como <strong>Dia Mundial do Turismo, <\/strong>para comemorar o anivers\u00e1rio da ado\u00e7\u00e3o de seus Estatutos. A declara\u00e7\u00e3o deste dia aconteceu em Torremolinos (Espanha). <strong>O Dia do Turismo<\/strong> tamb\u00e9m \u00e9 considerado apropriado porque coincide com o fim da alta temporada de f\u00e9rias no hemisf\u00e9rio norte, e o in\u00edcio da metade sul.<\/p>\n\n\n\n<div id=\"ez-toc-container\" class=\"ez-toc-v2_0_82_2 counter-hierarchy ez-toc-counter ez-toc-grey ez-toc-container-direction\">\n<div class=\"ez-toc-title-container\">\n<p class=\"ez-toc-title\" style=\"cursor:inherit\">Table of Contents<\/p>\n<span class=\"ez-toc-title-toggle\"><a href=\"#\" class=\"ez-toc-pull-right ez-toc-btn ez-toc-btn-xs ez-toc-btn-default ez-toc-toggle\" aria-label=\"Alternar tabela de conte\u00fado\"><span class=\"ez-toc-js-icon-con\"><span class=\"\"><span class=\"eztoc-hide\" style=\"display:none;\">Toggle<\/span><span class=\"ez-toc-icon-toggle-span\"><svg style=\"fill: #999;color:#999\" xmlns=\"http:\/\/www.w3.org\/2000\/svg\" class=\"list-377408\" width=\"20px\" height=\"20px\" viewBox=\"0 0 24 24\" fill=\"none\"><path d=\"M6 6H4v2h2V6zm14 0H8v2h12V6zM4 11h2v2H4v-2zm16 0H8v2h12v-2zM4 16h2v2H4v-2zm16 0H8v2h12v-2z\" fill=\"currentColor\"><\/path><\/svg><svg style=\"fill: #999;color:#999\" class=\"arrow-unsorted-368013\" xmlns=\"http:\/\/www.w3.org\/2000\/svg\" width=\"10px\" height=\"10px\" viewBox=\"0 0 24 24\" version=\"1.2\" baseProfile=\"tiny\"><path d=\"M18.2 9.3l-6.2-6.3-6.2 6.3c-.2.2-.3.4-.3.7s.1.5.3.7c.2.2.4.3.7.3h11c.3 0 .5-.1.7-.3.2-.2.3-.5.3-.7s-.1-.5-.3-.7zM5.8 14.7l6.2 6.3 6.2-6.3c.2-.2.3-.5.3-.7s-.1-.5-.3-.7c-.2-.2-.4-.3-.7-.3h-11c-.3 0-.5.1-.7.3-.2.2-.3.5-.3.7s.1.5.3.7z\"\/><\/svg><\/span><\/span><\/span><\/a><\/span><\/div>\n<nav><ul class='ez-toc-list ez-toc-list-level-1 ' ><li class='ez-toc-page-1 ez-toc-heading-level-2'><a class=\"ez-toc-link ez-toc-heading-1\" href=\"https:\/\/dreamy.tours\/pt-br\/blog\/quando-e-comemorado-o-dia-mundial-do-turismo\/#Por_que_e_celebrado_o_Dia_Mundial_do_Turismo\" >Por que \u00e9 celebrado o Dia Mundial do Turismo?<\/a><\/li><li class='ez-toc-page-1 ez-toc-heading-level-2'><a class=\"ez-toc-link ez-toc-heading-2\" href=\"https:\/\/dreamy.tours\/pt-br\/blog\/quando-e-comemorado-o-dia-mundial-do-turismo\/#O_impacto_da_COVID-19_no_turismo\" >O impacto da COVID-19 no turismo<\/a><\/li><li class='ez-toc-page-1 ez-toc-heading-level-2'><a class=\"ez-toc-link ez-toc-heading-3\" href=\"https:\/\/dreamy.tours\/pt-br\/blog\/quando-e-comemorado-o-dia-mundial-do-turismo\/#Assegurando_o_turismo_sustentavel\" >Assegurando o turismo sustent\u00e1vel<\/a><ul class='ez-toc-list-level-3' ><li class='ez-toc-heading-level-3'><a class=\"ez-toc-link ez-toc-heading-4\" href=\"https:\/\/dreamy.tours\/pt-br\/blog\/quando-e-comemorado-o-dia-mundial-do-turismo\/#Problemas_em_alguns_lugares_devido_ao_aumento_de_turistas\" >Problemas em alguns lugares devido ao aumento de turistas<\/a><\/li><\/ul><\/li><li class='ez-toc-page-1 ez-toc-heading-level-2'><a class=\"ez-toc-link ez-toc-heading-5\" href=\"https:\/\/dreamy.tours\/pt-br\/blog\/quando-e-comemorado-o-dia-mundial-do-turismo\/#Como_celebrar_o_Dia_do_Turismo\" >Como celebrar o Dia do Turismo?<\/a><\/li><\/ul><\/nav><\/div>\n<h2 class=\"wp-block-heading\" id=\"h-por-que-celebrado-o-dia-mundial-do-turismo\"><span class=\"ez-toc-section\" id=\"Por_que_e_celebrado_o_Dia_Mundial_do_Turismo\"><\/span><strong>Por que \u00e9 celebrado o Dia Mundial do Turismo?<\/strong><span class=\"ez-toc-section-end\"><\/span><\/h2>\n\n\n\n<p>O turismo \u00e9 um setor que vem crescendo nos \u00faltimos anos. Cada vez mais pessoas se aventuram a visitar lugares distantes e se integram com as pessoas locais, descobrindo novas culturas e novas paisagens. Viajar tornou-se um prazer ao qual milh\u00f5es de pessoas no mundo inteiro aspiram: aventureiros \u00e1vidos por novos objetivos, viajantes em busca de novas experi\u00eancias, fot\u00f3grafos e, em geral, qualquer pessoa a p\u00e9.<\/p>\n\n\n\n<p>As raz\u00f5es para este aumento de viajantes de todas as partes do mundo s\u00e3o variadas. Poder\u00edamos citar alguns dos mais importantes:<\/p>\n\n\n\n<ul class=\"wp-block-list\"><li>A Declara\u00e7\u00e3o Universal dos Direitos Humanos d\u00e1 a todos os trabalhadores o direito a f\u00e9rias.<\/li><li>Melhoria das condi\u00e7\u00f5es de trabalho em muitos pa\u00edses.<\/li><li>A classe m\u00e9dia tem crescido no mundo.<\/li><li>Transporte mais barato.<\/li><li>O uso de novas tecnologias torna as informa\u00e7\u00f5es mais acess\u00edveis para viagens.<\/li><li>O setor tur\u00edstico tornou-se muito diversificado no s\u00e9culo XXI, justamente por causa deste crescimento, e as ag\u00eancias especializadas em aventura, fotografia, relaxamento, praia e outras viagens.<\/li><\/ul>\n\n\n\n<h2 class=\"wp-block-heading\" id=\"h-o-impacto-da-covid-19-no-turismo\"><span class=\"ez-toc-section\" id=\"O_impacto_da_COVID-19_no_turismo\"><\/span><strong>O impacto da COVID-19 no turismo<\/strong><span class=\"ez-toc-section-end\"><\/span><\/h2>\n\n\n\n<p>A Organiza\u00e7\u00e3o Mundial do Turismo das Na\u00e7\u00f5es Unidas (UNWTO) estima que entre 100 e 120 milh\u00f5es de empregos no turismo direto est\u00e3o sendo utilizados atualmente. A Confer\u00eancia das Na\u00e7\u00f5es Unidas sobre Com\u00e9rcio e Desenvolvimento (UNCTAD) prev\u00ea uma perda de 1,5 a 2,8 por cento do PIB mundial. Veja o \u00faltimo relat\u00f3rio do Secret\u00e1rio-Geral sobre o impacto da pandemia no turismo e o roteiro para o planejamento de um setor tur\u00edstico mais sustent\u00e1vel e inclusivo.<\/p>\n\n\n\n<h2 class=\"wp-block-heading\" id=\"h-assegurando-o-turismo-sustent-vel\"><span class=\"ez-toc-section\" id=\"Assegurando_o_turismo_sustentavel\"><\/span><strong>Assegurando o turismo sustent\u00e1vel<\/strong><span class=\"ez-toc-section-end\"><\/span><\/h2>\n\n\n\n<p>Tamb\u00e9m por causa deste crescimento, \u00e9 importante aumentar a consci\u00eancia da necessidade de um turismo sustent\u00e1vel, que proporcione benef\u00edcios a longo prazo aos pa\u00edses e comunidades, ajudando o desenvolvimento. As recentes celebra\u00e7\u00f5es do Dia Mundial do Turismo se concentraram precisamente no turismo sustent\u00e1vel, com o tema &#8220;Viaje, Aproveite, Respeite&#8221;.<\/p>\n\n\n\n<h3 class=\"wp-block-heading\" id=\"h-problemas-em-alguns-lugares-devido-ao-aumento-de-turistas\"><span class=\"ez-toc-section\" id=\"Problemas_em_alguns_lugares_devido_ao_aumento_de_turistas\"><\/span><strong>Problemas em alguns lugares devido ao aumento de turistas<\/strong><span class=\"ez-toc-section-end\"><\/span><\/h3>\n\n\n\n<p>Em algumas grandes cidades, o turismo apresenta novos desafios, pois em certos momentos de alta ocupa\u00e7\u00e3o, a situa\u00e7\u00e3o se torna mais complicada e muitos moradores locais reclamam dos problemas causados pela falta de regulamenta\u00e7\u00e3o do turismo a esse respeito. Al\u00e9m disso, a baixa qualidade de certos perfis tur\u00edsticos prejudica n\u00e3o apenas os residentes locais, mas tamb\u00e9m a imagem de todo um pa\u00eds, como o chamado &#8220;turismo embriagado&#8221; em certas partes da Espanha.<\/p>\n\n\n\n<p>O turismo tamb\u00e9m causa problemas nas montanhas mais emblem\u00e1ticas do planeta, como o Mont Blanc, o Matterhorn ou o Everest, causando verdadeiros engarrafamentos de tr\u00e2nsito que algumas vezes levaram a acidentes fatais.<\/p>\n\n\n\n<p>Tudo isso deve nos fazer refletir sobre a import\u00e2ncia de estabelecer uma base para a sustentabilidade do turismo mundial.<\/p>\n\n\n\n<h2 class=\"wp-block-heading\" id=\"h-como-celebrar-o-dia-do-turismo\"><span class=\"ez-toc-section\" id=\"Como_celebrar_o_Dia_do_Turismo\"><\/span><strong>Como celebrar o Dia do Turismo?<\/strong><span class=\"ez-toc-section-end\"><\/span><\/h2>\n\n\n\n<p>A melhor maneira de celebrar o Dia do <strong>Turismo<\/strong> \u00e9 fazer uma viagem a um lugar que voc\u00ea quer ver, seja levando o carro, se ele estiver perto, ou de avi\u00e3o. Planejando uma boa viagem, h\u00e1 muitas informa\u00e7\u00f5es na Internet.<\/p>\n\n\n\n<p>Se voc\u00ea n\u00e3o for bom em organiz\u00e1-lo, voc\u00ea tamb\u00e9m pode ir a uma ag\u00eancia de viagens, onde profissionais do setor de turismo o ajudar\u00e3o a fazer uma viagem que lhe conv\u00e9m, como uma <a href=\"https:\/\/dreamy.tours\/pt-br\/tour\/lima-paracas-ica-nazca-cusco-10-dias\/\">viagem ao Peru<\/a>.<\/p>\n\n\n\n<p>E se neste momento voc\u00ea n\u00e3o puder ter alguns dias para viajar, refletir ou compartilhar imagens daquele lugar onde voc\u00ea gostaria de ir em redes sociais, com as tags &#8220;WorldTourismDay&#8221; #TravelEnjoyRespect.<\/p>\n\n\n\n<p>Feliz Viagem! Feliz <strong>Dia Mundial do Turismo!<\/strong><\/p>\n","protected":false},"excerpt":{"rendered":"<p>Em 1979, a Organiza\u00e7\u00e3o Mundial do Turismo (UNWTO) proclamou o dia 27 de setembro como Dia Mundial do Turismo, para comemorar o anivers\u00e1rio da ado\u00e7&#8230;<\/p>\n","protected":false},"author":1,"featured_media":817,"comment_status":"closed","ping_status":"closed","sticky":false,"template":"","format":"standard","meta":{"_acf_changed":false,"advgb_blocks_editor_width":"","advgb_blocks_columns_visual_guide":"","footnotes":""},"categories":[16],"tags":[],"class_list":["post-1561","post","type-post","status-publish","format-standard","has-post-thumbnail","hentry","category-peru-dicas"],"acf":[],"yoast_head":"<!-- This site is optimized with the Yoast SEO Premium plugin v25.4 (Yoast SEO v27.4) - https:\/\/yoast.com\/product\/yoast-seo-premium-wordpress\/ -->\n<title>QUANDO \u00c9 COMEMORADO O DIA MUNDIAL DO TURISMO? - Dreamy Tours<\/title>\n<meta name=\"description\" content=\"A Organiza\u00e7\u00e3o Mundial do Turismo, proclamou o dia 27 de setembro como Dia Mundial do Turismo, para comemorar o anivers\u00e1rio do Turismo.\" \/>\n<meta name=\"robots\" content=\"index, follow, max-snippet:-1, max-image-preview:large, max-video-preview:-1\" \/>\n<link rel=\"canonical\" href=\"https:\/\/dreamy.tours\/pt-br\/blog\/quando-e-comemorado-o-dia-mundial-do-turismo\/\" \/>\n<meta property=\"og:locale\" content=\"pt_BR\" \/>\n<meta property=\"og:type\" content=\"article\" \/>\n<meta property=\"og:title\" content=\"QUANDO \u00c9 COMEMORADO O DIA MUNDIAL DO TURISMO?\" \/>\n<meta property=\"og:description\" content=\"A Organiza\u00e7\u00e3o Mundial do Turismo, proclamou o dia 27 de setembro como Dia Mundial do Turismo, para comemorar o anivers\u00e1rio do Turismo.\" \/>\n<meta property=\"og:url\" content=\"https:\/\/dreamy.tours\/pt-br\/blog\/quando-e-comemorado-o-dia-mundial-do-turismo\/\" \/>\n<meta property=\"og:site_name\" content=\"Dreamy Tours\" \/>\n<meta property=\"article:publisher\" content=\"https:\/\/www.facebook.com\/dreamytours\" \/>\n<meta property=\"article:published_time\" content=\"2024-03-23T21:37:43+00:00\" \/>\n<meta property=\"article:modified_time\" content=\"2025-07-09T22:35:22+00:00\" \/>\n<meta property=\"og:image\" content=\"https:\/\/dreamy.tours\/wp-content\/uploads\/2020\/09\/1-4.jpg\" \/>\n\t<meta property=\"og:image:width\" content=\"1200\" \/>\n\t<meta property=\"og:image:height\" content=\"750\" \/>\n\t<meta property=\"og:image:type\" content=\"image\/jpeg\" \/>\n<meta name=\"author\" content=\"Dreamy Tours\" \/>\n<meta name=\"twitter:card\" content=\"summary_large_image\" \/>\n<meta name=\"twitter:creator\" content=\"@Dreamy_tours\" \/>\n<meta name=\"twitter:site\" content=\"@Dreamy_tours\" \/>\n<meta name=\"twitter:label1\" content=\"Escrito por\" \/>\n\t<meta name=\"twitter:data1\" content=\"Dreamy Tours\" \/>\n\t<meta name=\"twitter:label2\" content=\"Est. tempo de leitura\" \/>\n\t<meta name=\"twitter:data2\" content=\"3 minutos\" \/>\n<script type=\"application\/ld+json\" class=\"yoast-schema-graph\">{\"@context\":\"https:\\\/\\\/schema.org\",\"@graph\":[{\"@type\":\"Article\",\"@id\":\"https:\\\/\\\/dreamy.tours\\\/pt-br\\\/blog\\\/quando-e-comemorado-o-dia-mundial-do-turismo\\\/#article\",\"isPartOf\":{\"@id\":\"https:\\\/\\\/dreamy.tours\\\/pt-br\\\/blog\\\/quando-e-comemorado-o-dia-mundial-do-turismo\\\/\"},\"author\":{\"name\":\"Dreamy Tours\",\"@id\":\"https:\\\/\\\/dreamy.tours\\\/pt-br\\\/#\\\/schema\\\/person\\\/26a2534daf9eaf4cd6da8db3941552d5\"},\"headline\":\"QUANDO \u00c9 COMEMORADO O DIA MUNDIAL DO TURISMO?\",\"datePublished\":\"2024-03-23T21:37:43+00:00\",\"dateModified\":\"2025-07-09T22:35:22+00:00\",\"mainEntityOfPage\":{\"@id\":\"https:\\\/\\\/dreamy.tours\\\/pt-br\\\/blog\\\/quando-e-comemorado-o-dia-mundial-do-turismo\\\/\"},\"wordCount\":675,\"publisher\":{\"@id\":\"https:\\\/\\\/dreamy.tours\\\/pt-br\\\/#organization\"},\"image\":{\"@id\":\"https:\\\/\\\/dreamy.tours\\\/pt-br\\\/blog\\\/quando-e-comemorado-o-dia-mundial-do-turismo\\\/#primaryimage\"},\"thumbnailUrl\":\"https:\\\/\\\/dreamy.tours\\\/wp-content\\\/uploads\\\/2020\\\/09\\\/1-4.jpg\",\"articleSection\":[\"Peru dicas\"],\"inLanguage\":\"pt-BR\"},{\"@type\":\"WebPage\",\"@id\":\"https:\\\/\\\/dreamy.tours\\\/pt-br\\\/blog\\\/quando-e-comemorado-o-dia-mundial-do-turismo\\\/\",\"url\":\"https:\\\/\\\/dreamy.tours\\\/pt-br\\\/blog\\\/quando-e-comemorado-o-dia-mundial-do-turismo\\\/\",\"name\":\"QUANDO \u00c9 COMEMORADO O DIA MUNDIAL DO TURISMO? - Dreamy Tours\",\"isPartOf\":{\"@id\":\"https:\\\/\\\/dreamy.tours\\\/pt-br\\\/#website\"},\"primaryImageOfPage\":{\"@id\":\"https:\\\/\\\/dreamy.tours\\\/pt-br\\\/blog\\\/quando-e-comemorado-o-dia-mundial-do-turismo\\\/#primaryimage\"},\"image\":{\"@id\":\"https:\\\/\\\/dreamy.tours\\\/pt-br\\\/blog\\\/quando-e-comemorado-o-dia-mundial-do-turismo\\\/#primaryimage\"},\"thumbnailUrl\":\"https:\\\/\\\/dreamy.tours\\\/wp-content\\\/uploads\\\/2020\\\/09\\\/1-4.jpg\",\"datePublished\":\"2024-03-23T21:37:43+00:00\",\"dateModified\":\"2025-07-09T22:35:22+00:00\",\"description\":\"A Organiza\u00e7\u00e3o Mundial do Turismo, proclamou o dia 27 de setembro como Dia Mundial do Turismo, para comemorar o anivers\u00e1rio do Turismo.\",\"breadcrumb\":{\"@id\":\"https:\\\/\\\/dreamy.tours\\\/pt-br\\\/blog\\\/quando-e-comemorado-o-dia-mundial-do-turismo\\\/#breadcrumb\"},\"inLanguage\":\"pt-BR\",\"potentialAction\":[{\"@type\":\"ReadAction\",\"target\":[\"https:\\\/\\\/dreamy.tours\\\/pt-br\\\/blog\\\/quando-e-comemorado-o-dia-mundial-do-turismo\\\/\"]}]},{\"@type\":\"ImageObject\",\"inLanguage\":\"pt-BR\",\"@id\":\"https:\\\/\\\/dreamy.tours\\\/pt-br\\\/blog\\\/quando-e-comemorado-o-dia-mundial-do-turismo\\\/#primaryimage\",\"url\":\"https:\\\/\\\/dreamy.tours\\\/wp-content\\\/uploads\\\/2020\\\/09\\\/1-4.jpg\",\"contentUrl\":\"https:\\\/\\\/dreamy.tours\\\/wp-content\\\/uploads\\\/2020\\\/09\\\/1-4.jpg\",\"width\":1200,\"height\":750},{\"@type\":\"BreadcrumbList\",\"@id\":\"https:\\\/\\\/dreamy.tours\\\/pt-br\\\/blog\\\/quando-e-comemorado-o-dia-mundial-do-turismo\\\/#breadcrumb\",\"itemListElement\":[{\"@type\":\"ListItem\",\"position\":1,\"name\":\"Home\",\"item\":\"https:\\\/\\\/dreamy.tours\\\/pt-br\\\/\"},{\"@type\":\"ListItem\",\"position\":2,\"name\":\"QUANDO \u00c9 COMEMORADO O DIA MUNDIAL DO TURISMO?\"}]},{\"@type\":\"WebSite\",\"@id\":\"https:\\\/\\\/dreamy.tours\\\/pt-br\\\/#website\",\"url\":\"https:\\\/\\\/dreamy.tours\\\/pt-br\\\/\",\"name\":\"Dreamy Tours\",\"description\":\"\",\"publisher\":{\"@id\":\"https:\\\/\\\/dreamy.tours\\\/pt-br\\\/#organization\"},\"potentialAction\":[{\"@type\":\"SearchAction\",\"target\":{\"@type\":\"EntryPoint\",\"urlTemplate\":\"https:\\\/\\\/dreamy.tours\\\/pt-br\\\/?s={search_term_string}\"},\"query-input\":{\"@type\":\"PropertyValueSpecification\",\"valueRequired\":true,\"valueName\":\"search_term_string\"}}],\"inLanguage\":\"pt-BR\"},{\"@type\":\"Organization\",\"@id\":\"https:\\\/\\\/dreamy.tours\\\/pt-br\\\/#organization\",\"name\":\"Dreamy Tours\",\"url\":\"https:\\\/\\\/dreamy.tours\\\/pt-br\\\/\",\"logo\":{\"@type\":\"ImageObject\",\"inLanguage\":\"pt-BR\",\"@id\":\"https:\\\/\\\/dreamy.tours\\\/pt-br\\\/#\\\/schema\\\/logo\\\/image\\\/\",\"url\":\"https:\\\/\\\/dreamy.tours\\\/wp-content\\\/uploads\\\/dreamy-tour-cuadrado.jpg\",\"contentUrl\":\"https:\\\/\\\/dreamy.tours\\\/wp-content\\\/uploads\\\/dreamy-tour-cuadrado.jpg\",\"width\":696,\"height\":696,\"caption\":\"Dreamy Tours\"},\"image\":{\"@id\":\"https:\\\/\\\/dreamy.tours\\\/pt-br\\\/#\\\/schema\\\/logo\\\/image\\\/\"},\"sameAs\":[\"https:\\\/\\\/www.facebook.com\\\/dreamytours\",\"https:\\\/\\\/x.com\\\/Dreamy_tours\",\"https:\\\/\\\/www.instagram.com\\\/dreamy_tours\\\/\",\"https:\\\/\\\/www.pinterest.es\\\/dreamy_tours\\\/\",\"https:\\\/\\\/www.youtube.com\\\/channel\\\/UCGKP_C9x8GBYl7l8D0QD9Fg\"]},{\"@type\":\"Person\",\"@id\":\"https:\\\/\\\/dreamy.tours\\\/pt-br\\\/#\\\/schema\\\/person\\\/26a2534daf9eaf4cd6da8db3941552d5\",\"name\":\"Dreamy Tours\",\"sameAs\":[\"https:\\\/\\\/dreamy.tours\"]}]}<\/script>\n<!-- \/ Yoast SEO Premium plugin. -->","yoast_head_json":{"title":"QUANDO \u00c9 COMEMORADO O DIA MUNDIAL DO TURISMO? - Dreamy Tours","description":"A Organiza\u00e7\u00e3o Mundial do Turismo, proclamou o dia 27 de setembro como Dia Mundial do Turismo, para comemorar o anivers\u00e1rio do Turismo.","robots":{"index":"index","follow":"follow","max-snippet":"max-snippet:-1","max-image-preview":"max-image-preview:large","max-video-preview":"max-video-preview:-1"},"canonical":"https:\/\/dreamy.tours\/pt-br\/blog\/quando-e-comemorado-o-dia-mundial-do-turismo\/","og_locale":"pt_BR","og_type":"article","og_title":"QUANDO \u00c9 COMEMORADO O DIA MUNDIAL DO TURISMO?","og_description":"A Organiza\u00e7\u00e3o Mundial do Turismo, proclamou o dia 27 de setembro como Dia Mundial do Turismo, para comemorar o anivers\u00e1rio do Turismo.","og_url":"https:\/\/dreamy.tours\/pt-br\/blog\/quando-e-comemorado-o-dia-mundial-do-turismo\/","og_site_name":"Dreamy Tours","article_publisher":"https:\/\/www.facebook.com\/dreamytours","article_published_time":"2024-03-23T21:37:43+00:00","article_modified_time":"2025-07-09T22:35:22+00:00","og_image":[{"width":1200,"height":750,"url":"https:\/\/dreamy.tours\/wp-content\/uploads\/2020\/09\/1-4.jpg","type":"image\/jpeg"}],"author":"Dreamy Tours","twitter_card":"summary_large_image","twitter_creator":"@Dreamy_tours","twitter_site":"@Dreamy_tours","twitter_misc":{"Escrito por":"Dreamy Tours","Est. tempo de leitura":"3 minutos"},"schema":{"@context":"https:\/\/schema.org","@graph":[{"@type":"Article","@id":"https:\/\/dreamy.tours\/pt-br\/blog\/quando-e-comemorado-o-dia-mundial-do-turismo\/#article","isPartOf":{"@id":"https:\/\/dreamy.tours\/pt-br\/blog\/quando-e-comemorado-o-dia-mundial-do-turismo\/"},"author":{"name":"Dreamy Tours","@id":"https:\/\/dreamy.tours\/pt-br\/#\/schema\/person\/26a2534daf9eaf4cd6da8db3941552d5"},"headline":"QUANDO \u00c9 COMEMORADO O DIA MUNDIAL DO TURISMO?","datePublished":"2024-03-23T21:37:43+00:00","dateModified":"2025-07-09T22:35:22+00:00","mainEntityOfPage":{"@id":"https:\/\/dreamy.tours\/pt-br\/blog\/quando-e-comemorado-o-dia-mundial-do-turismo\/"},"wordCount":675,"publisher":{"@id":"https:\/\/dreamy.tours\/pt-br\/#organization"},"image":{"@id":"https:\/\/dreamy.tours\/pt-br\/blog\/quando-e-comemorado-o-dia-mundial-do-turismo\/#primaryimage"},"thumbnailUrl":"https:\/\/dreamy.tours\/wp-content\/uploads\/2020\/09\/1-4.jpg","articleSection":["Peru dicas"],"inLanguage":"pt-BR"},{"@type":"WebPage","@id":"https:\/\/dreamy.tours\/pt-br\/blog\/quando-e-comemorado-o-dia-mundial-do-turismo\/","url":"https:\/\/dreamy.tours\/pt-br\/blog\/quando-e-comemorado-o-dia-mundial-do-turismo\/","name":"QUANDO \u00c9 COMEMORADO O DIA MUNDIAL DO TURISMO? - Dreamy Tours","isPartOf":{"@id":"https:\/\/dreamy.tours\/pt-br\/#website"},"primaryImageOfPage":{"@id":"https:\/\/dreamy.tours\/pt-br\/blog\/quando-e-comemorado-o-dia-mundial-do-turismo\/#primaryimage"},"image":{"@id":"https:\/\/dreamy.tours\/pt-br\/blog\/quando-e-comemorado-o-dia-mundial-do-turismo\/#primaryimage"},"thumbnailUrl":"https:\/\/dreamy.tours\/wp-content\/uploads\/2020\/09\/1-4.jpg","datePublished":"2024-03-23T21:37:43+00:00","dateModified":"2025-07-09T22:35:22+00:00","description":"A Organiza\u00e7\u00e3o Mundial do Turismo, proclamou o dia 27 de setembro como Dia Mundial do Turismo, para comemorar o anivers\u00e1rio do Turismo.","breadcrumb":{"@id":"https:\/\/dreamy.tours\/pt-br\/blog\/quando-e-comemorado-o-dia-mundial-do-turismo\/#breadcrumb"},"inLanguage":"pt-BR","potentialAction":[{"@type":"ReadAction","target":["https:\/\/dreamy.tours\/pt-br\/blog\/quando-e-comemorado-o-dia-mundial-do-turismo\/"]}]},{"@type":"ImageObject","inLanguage":"pt-BR","@id":"https:\/\/dreamy.tours\/pt-br\/blog\/quando-e-comemorado-o-dia-mundial-do-turismo\/#primaryimage","url":"https:\/\/dreamy.tours\/wp-content\/uploads\/2020\/09\/1-4.jpg","contentUrl":"https:\/\/dreamy.tours\/wp-content\/uploads\/2020\/09\/1-4.jpg","width":1200,"height":750},{"@type":"BreadcrumbList","@id":"https:\/\/dreamy.tours\/pt-br\/blog\/quando-e-comemorado-o-dia-mundial-do-turismo\/#breadcrumb","itemListElement":[{"@type":"ListItem","position":1,"name":"Home","item":"https:\/\/dreamy.tours\/pt-br\/"},{"@type":"ListItem","position":2,"name":"QUANDO \u00c9 COMEMORADO O DIA MUNDIAL DO TURISMO?"}]},{"@type":"WebSite","@id":"https:\/\/dreamy.tours\/pt-br\/#website","url":"https:\/\/dreamy.tours\/pt-br\/","name":"Dreamy Tours","description":"","publisher":{"@id":"https:\/\/dreamy.tours\/pt-br\/#organization"},"potentialAction":[{"@type":"SearchAction","target":{"@type":"EntryPoint","urlTemplate":"https:\/\/dreamy.tours\/pt-br\/?s={search_term_string}"},"query-input":{"@type":"PropertyValueSpecification","valueRequired":true,"valueName":"search_term_string"}}],"inLanguage":"pt-BR"},{"@type":"Organization","@id":"https:\/\/dreamy.tours\/pt-br\/#organization","name":"Dreamy Tours","url":"https:\/\/dreamy.tours\/pt-br\/","logo":{"@type":"ImageObject","inLanguage":"pt-BR","@id":"https:\/\/dreamy.tours\/pt-br\/#\/schema\/logo\/image\/","url":"https:\/\/dreamy.tours\/wp-content\/uploads\/dreamy-tour-cuadrado.jpg","contentUrl":"https:\/\/dreamy.tours\/wp-content\/uploads\/dreamy-tour-cuadrado.jpg","width":696,"height":696,"caption":"Dreamy Tours"},"image":{"@id":"https:\/\/dreamy.tours\/pt-br\/#\/schema\/logo\/image\/"},"sameAs":["https:\/\/www.facebook.com\/dreamytours","https:\/\/x.com\/Dreamy_tours","https:\/\/www.instagram.com\/dreamy_tours\/","https:\/\/www.pinterest.es\/dreamy_tours\/","https:\/\/www.youtube.com\/channel\/UCGKP_C9x8GBYl7l8D0QD9Fg"]},{"@type":"Person","@id":"https:\/\/dreamy.tours\/pt-br\/#\/schema\/person\/26a2534daf9eaf4cd6da8db3941552d5","name":"Dreamy Tours","sameAs":["https:\/\/dreamy.tours"]}]}},"author_meta":{"display_name":"Dreamy Tours","author_link":"https:\/\/dreamy.tours\/pt-br\/blog\/author\/admin_dt\/"},"featured_img":"https:\/\/dreamy.tours\/wp-content\/uploads\/2020\/09\/1-4.jpg","coauthors":[],"tax_additional":{"categories":{"linked":["<a href=\"https:\/\/dreamy.tours\/pt-br\/blog\/category\/peru-dicas\/\" class=\"advgb-post-tax-term\">Peru dicas<\/a>"],"unlinked":["<span class=\"advgb-post-tax-term\">Peru dicas<\/span>"]}},"comment_count":"0","relative_dates":{"created":"Publicado 1 ano atr\u00e1s","modified":"Atualizado 10 meses atr\u00e1s"},"absolute_dates":{"created":"Publicado em 18 fevereiro, 2025","modified":"Atualizado em 9 julho, 2025"},"absolute_dates_time":{"created":"Publicado em 18 fevereiro, 2025 6:51 am","modified":"Atualizado em 9 julho, 2025 5:35 pm"},"featured_img_caption":"","series_order":"","_links":{"self":[{"href":"https:\/\/dreamy.tours\/pt-br\/wp-json\/wp\/v2\/posts\/1561","targetHints":{"allow":["GET"]}}],"collection":[{"href":"https:\/\/dreamy.tours\/pt-br\/wp-json\/wp\/v2\/posts"}],"about":[{"href":"https:\/\/dreamy.tours\/pt-br\/wp-json\/wp\/v2\/types\/post"}],"author":[{"embeddable":true,"href":"https:\/\/dreamy.tours\/pt-br\/wp-json\/wp\/v2\/users\/1"}],"replies":[{"embeddable":true,"href":"https:\/\/dreamy.tours\/pt-br\/wp-json\/wp\/v2\/comments?post=1561"}],"version-history":[{"count":0,"href":"https:\/\/dreamy.tours\/pt-br\/wp-json\/wp\/v2\/posts\/1561\/revisions"}],"wp:featuredmedia":[{"embeddable":true,"href":"https:\/\/dreamy.tours\/pt-br\/wp-json\/wp\/v2\/media\/817"}],"wp:attachment":[{"href":"https:\/\/dreamy.tours\/pt-br\/wp-json\/wp\/v2\/media?parent=1561"}],"wp:term":[{"taxonomy":"category","embeddable":true,"href":"https:\/\/dreamy.tours\/pt-br\/wp-json\/wp\/v2\/categories?post=1561"},{"taxonomy":"post_tag","embeddable":true,"href":"https:\/\/dreamy.tours\/pt-br\/wp-json\/wp\/v2\/tags?post=1561"}],"curies":[{"name":"wp","href":"https:\/\/api.w.org\/{rel}","templated":true}]}}