{"id":1348,"date":"2024-01-29T00:21:03","date_gmt":"2025-05-15T13:00:02","guid":{"rendered":"https:\/\/dreamy.tours\/?p=6382"},"modified":"2025-07-08T16:03:18","modified_gmt":"2025-07-08T21:03:18","slug":"manco-capac-2","status":"publish","type":"post","link":"https:\/\/dreamy.tours\/es\/blog\/manco-capac-2\/","title":{"rendered":"Manco C\u00e1pac o Ayar Manco el fundador y primer gobernador de los Incas"},"content":{"rendered":"\n<p>Manco C\u00e1pac o tambi\u00e9n llamado Ayar Manco, fue el fundador y primer gobernador de los Incas, seg\u00fan una leyenda de Colla (leyenda de Manco C\u00e1pac) fue un h\u00e9roe de la naturaleza semidivina, siendo hijo del Dios Sol (Inti).<\/p>\n\n\n\n<p>Antes de que Manco C\u00e1pac llegara a Cusco, la ciudad de Cusco era la sede de tribus preincas.&nbsp;La arqueolog\u00eda ha demostrado que la zona de Cuzco tuvo una larga vida, antes de la \u00e9poca de los incas.&nbsp;La agricultura ten\u00eda una historia traicionada en esta regi\u00f3n, y en la \u00e9poca de Huari hab\u00eda una gran densidad demogr\u00e1fica en Cusco, suficiente para que un centro administrativo como Piquillacta pudiera funcionar en sus inmediaciones.<\/p>\n\n\n\n<div id=\"ez-toc-container\" class=\"ez-toc-v2_0_82_2 counter-hierarchy ez-toc-counter ez-toc-grey ez-toc-container-direction\">\n<div class=\"ez-toc-title-container\">\n<p class=\"ez-toc-title\" style=\"cursor:inherit\">Table of Contents<\/p>\n<span class=\"ez-toc-title-toggle\"><a href=\"#\" class=\"ez-toc-pull-right ez-toc-btn ez-toc-btn-xs ez-toc-btn-default ez-toc-toggle\" aria-label=\"Alternar tabla de contenidos\"><span class=\"ez-toc-js-icon-con\"><span class=\"\"><span class=\"eztoc-hide\" style=\"display:none;\">Toggle<\/span><span class=\"ez-toc-icon-toggle-span\"><svg style=\"fill: #999;color:#999\" xmlns=\"http:\/\/www.w3.org\/2000\/svg\" class=\"list-377408\" width=\"20px\" height=\"20px\" viewBox=\"0 0 24 24\" fill=\"none\"><path d=\"M6 6H4v2h2V6zm14 0H8v2h12V6zM4 11h2v2H4v-2zm16 0H8v2h12v-2zM4 16h2v2H4v-2zm16 0H8v2h12v-2z\" fill=\"currentColor\"><\/path><\/svg><svg style=\"fill: #999;color:#999\" class=\"arrow-unsorted-368013\" xmlns=\"http:\/\/www.w3.org\/2000\/svg\" width=\"10px\" height=\"10px\" viewBox=\"0 0 24 24\" version=\"1.2\" baseProfile=\"tiny\"><path d=\"M18.2 9.3l-6.2-6.3-6.2 6.3c-.2.2-.3.4-.3.7s.1.5.3.7c.2.2.4.3.7.3h11c.3 0 .5-.1.7-.3.2-.2.3-.5.3-.7s-.1-.5-.3-.7zM5.8 14.7l6.2 6.3 6.2-6.3c.2-.2.3-.5.3-.7s-.1-.5-.3-.7c-.2-.2-.4-.3-.7-.3h-11c-.3 0-.5.1-.7.3-.2.2-.3.5-.3.7s.1.5.3.7z\"\/><\/svg><\/span><\/span><\/span><\/a><\/span><\/div>\n<nav><ul class='ez-toc-list ez-toc-list-level-1 ' ><li class='ez-toc-page-1 ez-toc-heading-level-2'><a class=\"ez-toc-link ez-toc-heading-1\" href=\"https:\/\/dreamy.tours\/es\/blog\/manco-capac-2\/#Caracteristicas_generales\" >Caracter\u00edsticas generales<\/a><\/li><li class='ez-toc-page-1 ez-toc-heading-level-2'><a class=\"ez-toc-link ez-toc-heading-2\" href=\"https:\/\/dreamy.tours\/es\/blog\/manco-capac-2\/#Fundacion_Cusco\" >Fundaci\u00f3n Cusco<\/a><\/li><li class='ez-toc-page-1 ez-toc-heading-level-2'><a class=\"ez-toc-link ez-toc-heading-3\" href=\"https:\/\/dreamy.tours\/es\/blog\/manco-capac-2\/#Leyenda_de_Mama_Ocllo_y_Manco_Capac\" >Leyenda de Mama Ocllo y Manco C\u00e1pac<\/a><ul class='ez-toc-list-level-3' ><li class='ez-toc-heading-level-3'><a class=\"ez-toc-link ez-toc-heading-4\" href=\"https:\/\/dreamy.tours\/es\/blog\/manco-capac-2\/#Interpretacion_de_la_leyenda_de_Mama_Ocllo_y_Manco_Capac\" >Interpretaci\u00f3n de la&nbsp;leyenda de Mama Ocllo y Manco C\u00e1pac<\/a><\/li><\/ul><\/li><li class='ez-toc-page-1 ez-toc-heading-level-2'><a class=\"ez-toc-link ez-toc-heading-5\" href=\"https:\/\/dreamy.tours\/es\/blog\/manco-capac-2\/#Trabajos\" >Trabajos<\/a><\/li><li class='ez-toc-page-1 ez-toc-heading-level-2'><a class=\"ez-toc-link ez-toc-heading-6\" href=\"https:\/\/dreamy.tours\/es\/blog\/manco-capac-2\/#Muerte\" >Muerte<\/a><\/li><li class='ez-toc-page-1 ez-toc-heading-level-2'><a class=\"ez-toc-link ez-toc-heading-7\" href=\"https:\/\/dreamy.tours\/es\/blog\/manco-capac-2\/#Monumentos\" >Monumentos<\/a><\/li><\/ul><\/nav><\/div>\n<h2 class=\"wp-block-heading\" id=\"h-caracter-sticas-generales\"><span class=\"ez-toc-section\" id=\"Caracteristicas_generales\"><\/span>Caracter\u00edsticas generales<span class=\"ez-toc-section-end\"><\/span><\/h2>\n\n\n\n<figure class=\"wp-block-gallery has-nested-images columns-default is-cropped wp-block-gallery-1 is-layout-flex wp-block-gallery-is-layout-flex\">\n<figure class=\"wp-block-image size-large\"><img decoding=\"async\" width=\"439\" height=\"296\" data-id=\"8213\" src=\"https:\/\/dreamy.tours\/wp-content\/uploads\/2020\/11\/Manco-Capac-o-Ayar-Manco1-1.png\" alt=\"Manco C\u00e1pac o Ayar Manco\" class=\"wp-image-8213\"\/><figcaption class=\"wp-element-caption\">Manco C\u00e1pac o Ayar Manco<\/figcaption><\/figure>\n\n\n\n<figure class=\"wp-block-image size-large\"><img decoding=\"async\" width=\"472\" height=\"289\" data-id=\"8216\" src=\"https:\/\/dreamy.tours\/wp-content\/uploads\/2020\/11\/Manco-Capac-o-Ayar-Manco1-2.png\" alt=\"Manco C\u00e1pac o Ayar Manco\" class=\"wp-image-8216\"\/><figcaption class=\"wp-element-caption\">Manco C\u00e1pac o Ayar Manco<\/figcaption><\/figure>\n<figcaption class=\"blocks-gallery-caption wp-element-caption\">Manco C\u00e1pac o Ayar Manco<\/figcaption><\/figure>\n\n\n\n<ul class=\"wp-block-list\">\n<li>Manco C\u00e1pac fue un Sinchi, quien luego de la ca\u00edda del Imperio Tiahuanaco decidi\u00f3 liderar la emigraci\u00f3n de su pueblo hacia una regi\u00f3n f\u00e9rtil y favorable.<\/li>\n\n\n\n<li>Estaba protegido por el dominio de las artes de la guerra.<\/li>\n\n\n\n<li>Tambi\u00e9n ten\u00eda conocimientos de agricultura, metalurgia y construcci\u00f3n.<\/li>\n\n\n\n<li>Su fuerza abrumadora ten\u00eda el aliento de Solidaridad en su pueblo.<\/li>\n\n\n\n<li>Hab\u00eda forjado la conexi\u00f3n tradicional con un lejano tronco ancestral, un t\u00f3tem al que adoraban.<\/li>\n\n\n\n<li>Sin experimentar contrastes, lleg\u00f3 a Paruro, y all\u00ed se instal\u00f3 por alg\u00fan tiempo;\u00a0m\u00e1s, al acercarse al lugar donde encontrar\u00eda Cusco.<\/li>\n\n\n\n<li>Los habitantes naturales de las tierras reci\u00e9n conquistadas le resistieron.<\/li>\n\n\n\n<li>Sufri\u00f3 alguna derrota y la muerte de algunos sinchis que lo segu\u00edan (como recuerda la leyenda quechua de los hermanos Ayar);<\/li>\n\n\n\n<li>Derrot\u00f3 a los de Quirumanta y Huanacauri, a los de Colcabamba y Huaynapata y, finalmente, a los ayllus guallas, alcabizas y sahuasirais.<\/li>\n\n\n\n<li>Para fortalecer su conquista, inici\u00f3 una pol\u00edtica de alianzas con la gente de los ayllus conquistados y ense\u00f1\u00f3 a los vencidos las artes de la paz.<\/li>\n\n\n\n<li>Gobern\u00f3 durante muchos a\u00f1os y muri\u00f3 a mediados del siglo XIII.<\/li>\n<\/ul>\n\n\n\n<h2 class=\"wp-block-heading\" id=\"h-fundaci-n-cusco\"><span class=\"ez-toc-section\" id=\"Fundacion_Cusco\"><\/span>Fundaci\u00f3n Cusco<span class=\"ez-toc-section-end\"><\/span><\/h2>\n\n\n\n<p>Cusco fue fundada por Manco C\u00e1pac despu\u00e9s de enfrentarse a varios se\u00f1or\u00edos durante el siglo XIII.&nbsp;Toda la leyenda sobre los \u201cOr\u00edgenes de los Incas\u201d est\u00e1 vinculada a la lucha entre varios linajes cusque\u00f1os por la toma del poder;&nbsp;lucha entre se\u00f1or\u00edos cuya lucha termin\u00f3 con el triunfo de Manco C\u00e1pac, se\u00f1or del Cusco, ciudad que desde entonces se convirti\u00f3 en la capital de un reino que abarcaba al menos el valle de Vilcanota y quiz\u00e1s el de Urubamba.<\/p>\n\n\n\n<p>Si quieres saber m\u00e1s sobre la fundaci\u00f3n de Cusco, te recomendamos visitar otros destinos impresionantes en&nbsp;<a href=\"https:\/\/dreamy.tours\/es\/cusco\/tours-full-day\/city-tour-cusco\/\">Cusco<\/a>&nbsp;como el&nbsp;<a href=\"https:\/\/dreamy.tours\/es\/blog\/montana-arcoiris-peru\/\" target=\"_blank\" rel=\"noreferrer noopener\">tour de monta\u00f1a arco iris<\/a>, el recorrido por el&nbsp;<a href=\"https:\/\/dreamy.tours\/es\/cusco\/tours-full-day\/laguna-humantay-full-day\/\" target=\"_blank\" rel=\"noreferrer noopener\">laguna Humantay<\/a>, o el recorrido por el&nbsp;<a rel=\"noreferrer noopener\" href=\"https:\/\/dreamy.tours\/es\/tour\/tour-al-valle-sagrado-de-los-incas\/\" target=\"_blank\">Valle Sagrado<\/a>, que s\u00f3lo toma un d\u00eda. Pero si vas a quedarte m\u00e1s d\u00edas en Per\u00fa, otros lugares arqueol\u00f3gicos que puedes saber ser\u00e1n las&nbsp;<a href=\"https:\/\/dreamy.tours\/es\/cusco\/machu-picchu\/machu-picchu-full-day-tour\/\" target=\"_blank\" rel=\"noreferrer noopener\">excursiones de un d\u00eda Machu Picchu desde Cusco<\/a>.<\/p>\n\n\n\n<h2 class=\"wp-block-heading\" id=\"h-leyenda-de-mama-ocllo-y-manco-c-pac\"><span class=\"ez-toc-section\" id=\"Leyenda_de_Mama_Ocllo_y_Manco_Capac\"><\/span>Leyenda de Mama Ocllo y Manco C\u00e1pac<span class=\"ez-toc-section-end\"><\/span><\/h2>\n\n\n\n<p>En las regiones cercanas al lago Titicaca, los hombres viv\u00edan como animales salvajes, ya que no ten\u00edan religi\u00f3n, leyes ni organizaci\u00f3n que los uniera.&nbsp;Estos habitantes desconoc\u00edan la agricultura y no ten\u00edan t\u00e9cnicas textiles para las que caminaban desnudos.&nbsp;Ten\u00edan cuevas como sus hogares y se alimentaban de la caza y la recolecci\u00f3n de alimentos.<\/p>\n\n\n\n<p>El dios Inti se apiad\u00f3 de esas personas y envi\u00f3 a su hijo Ayar Manco junto con su hermana Mama Ocllo a civilizar estas poblaciones b\u00e1rbaras y fundar un imperio que honrara al dios Inti.&nbsp;Ayar Manco se dedic\u00f3 a ense\u00f1ar a los hombres las reglas de convivencia en sociedad y adorar al dios Inti.&nbsp;En cambio, Mama Ocllo ense\u00f1\u00f3 a las mujeres t\u00e9cnicas textiles y quehaceres dom\u00e9sticos.<\/p>\n\n\n\n<p>Ayar Manco, tambi\u00e9n llamado Manco Capac, antes tuvo que fundar una ciudad, que ser\u00eda el centro del mundo.&nbsp;Su padre, el dios Inti, le proporcion\u00f3 una vara de oro para buscar la tierra prometida.&nbsp;Les recomend\u00f3 viajar al norte del lago Titicaca y hundir el bast\u00f3n de oro en las tierras por donde pasaban hasta encontrar el lugar donde el bast\u00f3n pod\u00eda hundirse f\u00e1cilmente y all\u00ed encontraron la ciudad del Cusco a donde condujeron su imperio.<\/p>\n\n\n\n<p>Al llegar a la regi\u00f3n norte del lago Titicaca, fueron vistos por lugare\u00f1os que los confundieron con dioses debido al brillo de sus ropas y joyas.&nbsp;Pasaron los d\u00edas y Manco Capac no pudo encontrar la tierra donde la ca\u00f1a pudiera hundirse f\u00e1cilmente.<\/p>\n\n\n\n<p>Pero un d\u00eda cuando llegamos a un majestuoso valle rodeado de hermosas monta\u00f1as, la vara de oro fue enterrada en el suelo ante el asombro de Manco Capac y Mama Ocllo.&nbsp;As\u00ed supieron que este lugar deb\u00eda convertirse en la capital del Imperio Inca y el ombligo del mundo.<\/p>\n\n\n\n<p>Manco Capac r\u00e1pidamente emprendi\u00f3 la tarea civilizadora en el valle del Cusco.&nbsp;Ense\u00f1o a los hombres agricultura, pesca, construcci\u00f3n de viviendas, ciencia, religi\u00f3n, etc. A Mama Ocllo se le encomend\u00f3 la tarea de capacitar a las mujeres en tareas dom\u00e9sticas y de tejido para crear ropa que las cubriera en su desnudez.&nbsp;Manco Capac junto con Mama Ocllo fueron los fundadores del imperio que luego har\u00eda grandes a sus descendientes.<\/p>\n\n\n\n<h3 class=\"wp-block-heading\" id=\"h-interpretaci-n-de-la-leyenda-de-mama-ocllo-y-manco-c-pac\"><span class=\"ez-toc-section\" id=\"Interpretacion_de_la_leyenda_de_Mama_Ocllo_y_Manco_Capac\"><\/span>Interpretaci\u00f3n de la&nbsp;leyenda de Mama Ocllo y Manco C\u00e1pac<span class=\"ez-toc-section-end\"><\/span><\/h3>\n\n\n\n<p>La&nbsp;<strong>leyenda de Mama Ocllo y Manco C\u00e1pac<\/strong>&nbsp;trata sobre personajes legendarios, vistos como de origen celestial, que acompa\u00f1an a un humanizador crucial de sur a norte del Per\u00fa.<\/p>\n\n\n\n<p>Este sentido est\u00e1 simbolizado por la vara que se hunde en la tierra como la planta en la tierra para florecer.<\/p>\n\n\n\n<p>El esclarecimiento de esta leyenda tiene una ayuda s\u00f3lida y genuina ya que demuestra que Manco C\u00e1pac le habla a todo un pa\u00eds quiz\u00e1s de Tiawanakus que vivi\u00f3 en la zona del lago sagrado.<\/p>\n\n\n\n<p>Como se sabe, las tierras m\u00e1s f\u00e9rtiles que se encuentran precisamente alrededor del lago por el cual hubo un minuto en el que la explosi\u00f3n demogr\u00e1fica y la escasez de tierras obligaron a la naci\u00f3n a buscar otro lugar rico y amplio.<\/p>\n\n\n\n<p>Asimismo, se argumenta que posiblemente la provincia de Tiawanako, cuya capital estaba en Taypiqala, fue demolida por invasores aymaras de la zona de Tucum\u00e1n y Coquimbo en el sur y sus ocupantes se vieron obligados a trasladarse al valle de Qosqo.<\/p>\n\n\n\n<p>Se exhibe que el avance del Tiawanako o Tiwanaku (nombre boliviano) tuvo un apoyo definitivo en el desarrollo del Tawantinsuyo.<\/p>\n\n\n\n<h2 class=\"wp-block-heading\" id=\"h-trabajos\"><span class=\"ez-toc-section\" id=\"Trabajos\"><\/span>Trabajos<span class=\"ez-toc-section-end\"><\/span><\/h2>\n\n\n\n<p>En realidad, se sabe muy poco sobre la vida y obra de este personaje, sin embargo los principales cronistas atribuyen algunos hechos dignos de menci\u00f3n como:<\/p>\n\n\n\n<ul class=\"wp-block-list\">\n<li>La construcci\u00f3n del Inticancha, templo del Sol y sede del gobierno.<\/li>\n\n\n\n<li>El triunfo sobre las tribus Huallas, Sahuasera y Alcahuisas.<\/li>\n\n\n\n<li>El secado de los pantanos del Cuzco<\/li>\n\n\n\n<li>La divisi\u00f3n de la ciudad en cuatro barrios: Quinticancha, Chumbicancha, Sayricancha y Yarambuycancha.<\/li>\n<\/ul>\n\n\n\n<h2 class=\"wp-block-heading\" id=\"h-muerte\"><span class=\"ez-toc-section\" id=\"Muerte\"><\/span>Muerte<span class=\"ez-toc-section-end\"><\/span><\/h2>\n\n\n\n<p>Al parecer, Manco Capac muri\u00f3 a los setenta a\u00f1os y fue sucedido por su hijo Sinchi Roca;&nbsp;Parece probable que fue embalsamado y enterrado en el gran templo del Sol, en Cuzco, como sucedi\u00f3 con sus descendientes.<\/p>\n\n\n\n<p>Tras su muerte, la figura de Manco C\u00e1pac I trascendi\u00f3 la figura hist\u00f3rica para convertirse en un h\u00e9roe m\u00edtico, protagonista de la narrativa que explica los or\u00edgenes legendarios del pueblo Inca y sus monarcas.&nbsp;Seg\u00fan el relato recogido, entre otros, por el cronista Garcilaso de la Vega, el Inca (1583-1613), ocho hijos del dios sol Inti, cuatro varones (Manco C\u00e1pac, Ayar Cachi, Ayar Ucho y Ayar Auca) y cuatro hembras, surgieron del fluido subterr\u00e1neo a trav\u00e9s de una cueva ubicada en la roca sagrada de Pacaritambo, a unos 30 km al sureste de Cuzco.<\/p>\n\n\n\n<h2 class=\"wp-block-heading\" id=\"h-monumentos\"><span class=\"ez-toc-section\" id=\"Monumentos\"><\/span>Monumentos<span class=\"ez-toc-section-end\"><\/span><\/h2>\n\n\n\n<p>Fue en 1921 que las diferentes comunidades de extranjeros del pa\u00eds se sumaron a las celebraciones del centenario de la independencia del Per\u00fa, que implic\u00f3 la donaci\u00f3n de monumentos conmemorativos.<\/p>\n\n\n\n<p>As\u00ed, la Sociedad Central Japonesa (hoy Asociaci\u00f3n Peruana Japonesa), que aglutinaba a inmigrantes japoneses, acord\u00f3 donar tambi\u00e9n una obra conmemorativa, decidiendo que ser\u00eda un monumento a Manco C\u00e1pac, por ser un emblema que un\u00eda a Per\u00fa y Jap\u00f3n, siendo consideraba al antiguo Inca como \u201cHijo del Sol\u201d, concepto tambi\u00e9n presente en la cultura japonesa.<\/p>\n\n\n\n<p>La monumental obra fue encargada al escultor David Lozano y en 1922 se realiz\u00f3 el acto de inauguraci\u00f3n de la obra, que se ubic\u00f3 en el cruce de las avenidas Grau y Santa Teresa, que luego se llamar\u00eda avenida Manco C\u00e1pac.&nbsp;Luego, la obra se trasladar\u00eda a su ubicaci\u00f3n actual.<\/p>\n\n\n\n<p>Pero Manco C\u00e1pac a\u00fan tendr\u00eda que esperar unos a\u00f1os m\u00e1s\u2026 Una serie de contratiempos y el incumplimiento del contrato por parte del escultor retrasaron la obra, que finalmente fue inaugurada el 5 de abril de 1926.<\/p>\n\n\n\n<p>Se dice que el presidente de la comisi\u00f3n pro-monumento de la Sociedad Central Japonesa, Morimoto Ichitaro, al ver la obra terminada, exclam\u00f3 con l\u00e1grimas en los ojos: \u00ab\u00a1Por fin lo tenemos!\u00bb<\/p>\n\n\n\n<p>Un monumento que tard\u00f3 tres a\u00f1os, nueve meses y 21 d\u00edas en completarse, y que cost\u00f3 aproximadamente 113.500 soles.<\/p>\n","protected":false},"excerpt":{"rendered":"<p>Manco C\u00e1pac o tambi\u00e9n llamado Ayar Manco, fue el fundador y primer gobernador de los Incas, seg\u00fan una leyenda de Colla (leyenda de Manco C\u00e1pac) fu&#8230;<\/p>\n","protected":false},"author":1,"featured_media":498,"comment_status":"closed","ping_status":"closed","sticky":false,"template":"","format":"standard","meta":{"_acf_changed":false,"advgb_blocks_editor_width":"","advgb_blocks_columns_visual_guide":"","footnotes":""},"categories":[3],"tags":[],"class_list":["post-1348","post","type-post","status-publish","format-standard","has-post-thumbnail","hentry","category-tips-cusco"],"acf":[],"yoast_head":"<!-- This site is optimized with the Yoast SEO Premium plugin v25.4 (Yoast SEO v27.4) - https:\/\/yoast.com\/product\/yoast-seo-premium-wordpress\/ -->\n<title>Manco C\u00e1pac o Ayar Manco - Dreamy Tours<\/title>\n<meta name=\"description\" content=\"Manco C\u00e1pac o tambi\u00e9n llamado Ayar Manco, fue el fundador y primer gobernador de los Incas, siendo hijo del Dios Sol (Inti).\" \/>\n<meta name=\"robots\" content=\"index, follow, max-snippet:-1, max-image-preview:large, max-video-preview:-1\" \/>\n<link rel=\"canonical\" href=\"https:\/\/dreamy.tours\/es\/blog\/manco-capac-2\/\" \/>\n<meta property=\"og:locale\" content=\"es_ES\" \/>\n<meta property=\"og:type\" content=\"article\" \/>\n<meta property=\"og:title\" content=\"Manco C\u00e1pac o Ayar Manco el fundador y primer gobernador de los Incas\" \/>\n<meta property=\"og:description\" content=\"Manco C\u00e1pac o tambi\u00e9n llamado Ayar Manco, fue el fundador y primer gobernador de los Incas, siendo hijo del Dios Sol (Inti).\" \/>\n<meta property=\"og:url\" content=\"https:\/\/dreamy.tours\/es\/blog\/manco-capac-2\/\" \/>\n<meta property=\"og:site_name\" content=\"Dreamy Tours\" \/>\n<meta property=\"article:publisher\" content=\"https:\/\/www.facebook.com\/dreamytours\" \/>\n<meta property=\"article:published_time\" content=\"2025-05-15T13:00:02+00:00\" \/>\n<meta property=\"article:modified_time\" content=\"2025-07-08T21:03:18+00:00\" \/>\n<meta property=\"og:image\" content=\"https:\/\/dreamy.tours\/wp-content\/uploads\/2020\/12\/Manco-Capac.jpg\" \/>\n\t<meta property=\"og:image:width\" content=\"1200\" \/>\n\t<meta property=\"og:image:height\" content=\"750\" \/>\n\t<meta property=\"og:image:type\" content=\"image\/jpeg\" \/>\n<meta name=\"author\" content=\"Dreamy Tours\" \/>\n<meta name=\"twitter:card\" content=\"summary_large_image\" \/>\n<meta name=\"twitter:creator\" content=\"@Dreamy_tours\" \/>\n<meta name=\"twitter:site\" content=\"@Dreamy_tours\" \/>\n<meta name=\"twitter:label1\" content=\"Escrito por\" \/>\n\t<meta name=\"twitter:data1\" content=\"Dreamy Tours\" \/>\n\t<meta name=\"twitter:label2\" content=\"Tiempo de lectura\" \/>\n\t<meta name=\"twitter:data2\" content=\"7 minutos\" \/>\n<script type=\"application\/ld+json\" class=\"yoast-schema-graph\">{\"@context\":\"https:\\\/\\\/schema.org\",\"@graph\":[{\"@type\":\"Article\",\"@id\":\"https:\\\/\\\/dreamy.tours\\\/es\\\/blog\\\/manco-capac-2\\\/#article\",\"isPartOf\":{\"@id\":\"https:\\\/\\\/dreamy.tours\\\/es\\\/blog\\\/manco-capac-2\\\/\"},\"author\":{\"name\":\"Dreamy Tours\",\"@id\":\"https:\\\/\\\/dreamy.tours\\\/es\\\/#\\\/schema\\\/person\\\/26a2534daf9eaf4cd6da8db3941552d5\"},\"headline\":\"Manco C\u00e1pac o Ayar Manco el fundador y primer gobernador de los Incas\",\"datePublished\":\"2025-05-15T13:00:02+00:00\",\"dateModified\":\"2025-07-08T21:03:18+00:00\",\"mainEntityOfPage\":{\"@id\":\"https:\\\/\\\/dreamy.tours\\\/es\\\/blog\\\/manco-capac-2\\\/\"},\"wordCount\":1616,\"publisher\":{\"@id\":\"https:\\\/\\\/dreamy.tours\\\/es\\\/#organization\"},\"image\":{\"@id\":\"https:\\\/\\\/dreamy.tours\\\/es\\\/blog\\\/manco-capac-2\\\/#primaryimage\"},\"thumbnailUrl\":\"https:\\\/\\\/dreamy.tours\\\/wp-content\\\/uploads\\\/2020\\\/12\\\/Manco-Capac.jpg\",\"articleSection\":[\"Cusco tips\"],\"inLanguage\":\"es\"},{\"@type\":\"WebPage\",\"@id\":\"https:\\\/\\\/dreamy.tours\\\/es\\\/blog\\\/manco-capac-2\\\/\",\"url\":\"https:\\\/\\\/dreamy.tours\\\/es\\\/blog\\\/manco-capac-2\\\/\",\"name\":\"Manco C\u00e1pac o Ayar Manco - Dreamy Tours\",\"isPartOf\":{\"@id\":\"https:\\\/\\\/dreamy.tours\\\/es\\\/#website\"},\"primaryImageOfPage\":{\"@id\":\"https:\\\/\\\/dreamy.tours\\\/es\\\/blog\\\/manco-capac-2\\\/#primaryimage\"},\"image\":{\"@id\":\"https:\\\/\\\/dreamy.tours\\\/es\\\/blog\\\/manco-capac-2\\\/#primaryimage\"},\"thumbnailUrl\":\"https:\\\/\\\/dreamy.tours\\\/wp-content\\\/uploads\\\/2020\\\/12\\\/Manco-Capac.jpg\",\"datePublished\":\"2025-05-15T13:00:02+00:00\",\"dateModified\":\"2025-07-08T21:03:18+00:00\",\"description\":\"Manco C\u00e1pac o tambi\u00e9n llamado Ayar Manco, fue el fundador y primer gobernador de los Incas, siendo hijo del Dios Sol (Inti).\",\"breadcrumb\":{\"@id\":\"https:\\\/\\\/dreamy.tours\\\/es\\\/blog\\\/manco-capac-2\\\/#breadcrumb\"},\"inLanguage\":\"es\",\"potentialAction\":[{\"@type\":\"ReadAction\",\"target\":[\"https:\\\/\\\/dreamy.tours\\\/es\\\/blog\\\/manco-capac-2\\\/\"]}]},{\"@type\":\"ImageObject\",\"inLanguage\":\"es\",\"@id\":\"https:\\\/\\\/dreamy.tours\\\/es\\\/blog\\\/manco-capac-2\\\/#primaryimage\",\"url\":\"https:\\\/\\\/dreamy.tours\\\/wp-content\\\/uploads\\\/2020\\\/12\\\/Manco-Capac.jpg\",\"contentUrl\":\"https:\\\/\\\/dreamy.tours\\\/wp-content\\\/uploads\\\/2020\\\/12\\\/Manco-Capac.jpg\",\"width\":1200,\"height\":750},{\"@type\":\"BreadcrumbList\",\"@id\":\"https:\\\/\\\/dreamy.tours\\\/es\\\/blog\\\/manco-capac-2\\\/#breadcrumb\",\"itemListElement\":[{\"@type\":\"ListItem\",\"position\":1,\"name\":\"Home\",\"item\":\"https:\\\/\\\/dreamy.tours\\\/es\\\/\"},{\"@type\":\"ListItem\",\"position\":2,\"name\":\"Manco C\u00e1pac o Ayar Manco el fundador y primer gobernador de los Incas\"}]},{\"@type\":\"WebSite\",\"@id\":\"https:\\\/\\\/dreamy.tours\\\/es\\\/#website\",\"url\":\"https:\\\/\\\/dreamy.tours\\\/es\\\/\",\"name\":\"Dreamy Tours\",\"description\":\"\",\"publisher\":{\"@id\":\"https:\\\/\\\/dreamy.tours\\\/es\\\/#organization\"},\"potentialAction\":[{\"@type\":\"SearchAction\",\"target\":{\"@type\":\"EntryPoint\",\"urlTemplate\":\"https:\\\/\\\/dreamy.tours\\\/es\\\/?s={search_term_string}\"},\"query-input\":{\"@type\":\"PropertyValueSpecification\",\"valueRequired\":true,\"valueName\":\"search_term_string\"}}],\"inLanguage\":\"es\"},{\"@type\":\"Organization\",\"@id\":\"https:\\\/\\\/dreamy.tours\\\/es\\\/#organization\",\"name\":\"Dreamy Tours\",\"url\":\"https:\\\/\\\/dreamy.tours\\\/es\\\/\",\"logo\":{\"@type\":\"ImageObject\",\"inLanguage\":\"es\",\"@id\":\"https:\\\/\\\/dreamy.tours\\\/es\\\/#\\\/schema\\\/logo\\\/image\\\/\",\"url\":\"https:\\\/\\\/dreamy.tours\\\/wp-content\\\/uploads\\\/dreamy-tour-cuadrado.jpg\",\"contentUrl\":\"https:\\\/\\\/dreamy.tours\\\/wp-content\\\/uploads\\\/dreamy-tour-cuadrado.jpg\",\"width\":696,\"height\":696,\"caption\":\"Dreamy Tours\"},\"image\":{\"@id\":\"https:\\\/\\\/dreamy.tours\\\/es\\\/#\\\/schema\\\/logo\\\/image\\\/\"},\"sameAs\":[\"https:\\\/\\\/www.facebook.com\\\/dreamytours\",\"https:\\\/\\\/x.com\\\/Dreamy_tours\",\"https:\\\/\\\/www.instagram.com\\\/dreamy_tours\\\/\",\"https:\\\/\\\/www.pinterest.es\\\/dreamy_tours\\\/\",\"https:\\\/\\\/www.youtube.com\\\/channel\\\/UCGKP_C9x8GBYl7l8D0QD9Fg\"]},{\"@type\":\"Person\",\"@id\":\"https:\\\/\\\/dreamy.tours\\\/es\\\/#\\\/schema\\\/person\\\/26a2534daf9eaf4cd6da8db3941552d5\",\"name\":\"Dreamy Tours\",\"sameAs\":[\"https:\\\/\\\/dreamy.tours\"]}]}<\/script>\n<!-- \/ Yoast SEO Premium plugin. -->","yoast_head_json":{"title":"Manco C\u00e1pac o Ayar Manco - Dreamy Tours","description":"Manco C\u00e1pac o tambi\u00e9n llamado Ayar Manco, fue el fundador y primer gobernador de los Incas, siendo hijo del Dios Sol (Inti).","robots":{"index":"index","follow":"follow","max-snippet":"max-snippet:-1","max-image-preview":"max-image-preview:large","max-video-preview":"max-video-preview:-1"},"canonical":"https:\/\/dreamy.tours\/es\/blog\/manco-capac-2\/","og_locale":"es_ES","og_type":"article","og_title":"Manco C\u00e1pac o Ayar Manco el fundador y primer gobernador de los Incas","og_description":"Manco C\u00e1pac o tambi\u00e9n llamado Ayar Manco, fue el fundador y primer gobernador de los Incas, siendo hijo del Dios Sol (Inti).","og_url":"https:\/\/dreamy.tours\/es\/blog\/manco-capac-2\/","og_site_name":"Dreamy Tours","article_publisher":"https:\/\/www.facebook.com\/dreamytours","article_published_time":"2025-05-15T13:00:02+00:00","article_modified_time":"2025-07-08T21:03:18+00:00","og_image":[{"width":1200,"height":750,"url":"https:\/\/dreamy.tours\/wp-content\/uploads\/2020\/12\/Manco-Capac.jpg","type":"image\/jpeg"}],"author":"Dreamy Tours","twitter_card":"summary_large_image","twitter_creator":"@Dreamy_tours","twitter_site":"@Dreamy_tours","twitter_misc":{"Escrito por":"Dreamy Tours","Tiempo de lectura":"7 minutos"},"schema":{"@context":"https:\/\/schema.org","@graph":[{"@type":"Article","@id":"https:\/\/dreamy.tours\/es\/blog\/manco-capac-2\/#article","isPartOf":{"@id":"https:\/\/dreamy.tours\/es\/blog\/manco-capac-2\/"},"author":{"name":"Dreamy Tours","@id":"https:\/\/dreamy.tours\/es\/#\/schema\/person\/26a2534daf9eaf4cd6da8db3941552d5"},"headline":"Manco C\u00e1pac o Ayar Manco el fundador y primer gobernador de los Incas","datePublished":"2025-05-15T13:00:02+00:00","dateModified":"2025-07-08T21:03:18+00:00","mainEntityOfPage":{"@id":"https:\/\/dreamy.tours\/es\/blog\/manco-capac-2\/"},"wordCount":1616,"publisher":{"@id":"https:\/\/dreamy.tours\/es\/#organization"},"image":{"@id":"https:\/\/dreamy.tours\/es\/blog\/manco-capac-2\/#primaryimage"},"thumbnailUrl":"https:\/\/dreamy.tours\/wp-content\/uploads\/2020\/12\/Manco-Capac.jpg","articleSection":["Cusco tips"],"inLanguage":"es"},{"@type":"WebPage","@id":"https:\/\/dreamy.tours\/es\/blog\/manco-capac-2\/","url":"https:\/\/dreamy.tours\/es\/blog\/manco-capac-2\/","name":"Manco C\u00e1pac o Ayar Manco - Dreamy Tours","isPartOf":{"@id":"https:\/\/dreamy.tours\/es\/#website"},"primaryImageOfPage":{"@id":"https:\/\/dreamy.tours\/es\/blog\/manco-capac-2\/#primaryimage"},"image":{"@id":"https:\/\/dreamy.tours\/es\/blog\/manco-capac-2\/#primaryimage"},"thumbnailUrl":"https:\/\/dreamy.tours\/wp-content\/uploads\/2020\/12\/Manco-Capac.jpg","datePublished":"2025-05-15T13:00:02+00:00","dateModified":"2025-07-08T21:03:18+00:00","description":"Manco C\u00e1pac o tambi\u00e9n llamado Ayar Manco, fue el fundador y primer gobernador de los Incas, siendo hijo del Dios Sol (Inti).","breadcrumb":{"@id":"https:\/\/dreamy.tours\/es\/blog\/manco-capac-2\/#breadcrumb"},"inLanguage":"es","potentialAction":[{"@type":"ReadAction","target":["https:\/\/dreamy.tours\/es\/blog\/manco-capac-2\/"]}]},{"@type":"ImageObject","inLanguage":"es","@id":"https:\/\/dreamy.tours\/es\/blog\/manco-capac-2\/#primaryimage","url":"https:\/\/dreamy.tours\/wp-content\/uploads\/2020\/12\/Manco-Capac.jpg","contentUrl":"https:\/\/dreamy.tours\/wp-content\/uploads\/2020\/12\/Manco-Capac.jpg","width":1200,"height":750},{"@type":"BreadcrumbList","@id":"https:\/\/dreamy.tours\/es\/blog\/manco-capac-2\/#breadcrumb","itemListElement":[{"@type":"ListItem","position":1,"name":"Home","item":"https:\/\/dreamy.tours\/es\/"},{"@type":"ListItem","position":2,"name":"Manco C\u00e1pac o Ayar Manco el fundador y primer gobernador de los Incas"}]},{"@type":"WebSite","@id":"https:\/\/dreamy.tours\/es\/#website","url":"https:\/\/dreamy.tours\/es\/","name":"Dreamy Tours","description":"","publisher":{"@id":"https:\/\/dreamy.tours\/es\/#organization"},"potentialAction":[{"@type":"SearchAction","target":{"@type":"EntryPoint","urlTemplate":"https:\/\/dreamy.tours\/es\/?s={search_term_string}"},"query-input":{"@type":"PropertyValueSpecification","valueRequired":true,"valueName":"search_term_string"}}],"inLanguage":"es"},{"@type":"Organization","@id":"https:\/\/dreamy.tours\/es\/#organization","name":"Dreamy Tours","url":"https:\/\/dreamy.tours\/es\/","logo":{"@type":"ImageObject","inLanguage":"es","@id":"https:\/\/dreamy.tours\/es\/#\/schema\/logo\/image\/","url":"https:\/\/dreamy.tours\/wp-content\/uploads\/dreamy-tour-cuadrado.jpg","contentUrl":"https:\/\/dreamy.tours\/wp-content\/uploads\/dreamy-tour-cuadrado.jpg","width":696,"height":696,"caption":"Dreamy Tours"},"image":{"@id":"https:\/\/dreamy.tours\/es\/#\/schema\/logo\/image\/"},"sameAs":["https:\/\/www.facebook.com\/dreamytours","https:\/\/x.com\/Dreamy_tours","https:\/\/www.instagram.com\/dreamy_tours\/","https:\/\/www.pinterest.es\/dreamy_tours\/","https:\/\/www.youtube.com\/channel\/UCGKP_C9x8GBYl7l8D0QD9Fg"]},{"@type":"Person","@id":"https:\/\/dreamy.tours\/es\/#\/schema\/person\/26a2534daf9eaf4cd6da8db3941552d5","name":"Dreamy Tours","sameAs":["https:\/\/dreamy.tours"]}]}},"author_meta":{"display_name":"Dreamy Tours","author_link":"https:\/\/dreamy.tours\/es\/blog\/author\/admin_dt\/"},"featured_img":"https:\/\/dreamy.tours\/wp-content\/uploads\/2020\/12\/Manco-Capac.jpg","coauthors":[],"tax_additional":{"categories":{"linked":["<a href=\"https:\/\/dreamy.tours\/es\/blog\/category\/tips-cusco\/\" class=\"advgb-post-tax-term\">Cusco tips<\/a>"],"unlinked":["<span class=\"advgb-post-tax-term\">Cusco tips<\/span>"]}},"comment_count":"0","relative_dates":{"created":"Publicado 2 a\u00f1os hace","modified":"Actualizado 10 meses hace"},"absolute_dates":{"created":"Publicado el 29 enero, 2024","modified":"Actualizado el 8 julio, 2025"},"absolute_dates_time":{"created":"Publicado el 29 enero, 2024 12:21 am","modified":"Actualizado el 8 julio, 2025 4:03 pm"},"featured_img_caption":"","series_order":"","_links":{"self":[{"href":"https:\/\/dreamy.tours\/es\/wp-json\/wp\/v2\/posts\/1348","targetHints":{"allow":["GET"]}}],"collection":[{"href":"https:\/\/dreamy.tours\/es\/wp-json\/wp\/v2\/posts"}],"about":[{"href":"https:\/\/dreamy.tours\/es\/wp-json\/wp\/v2\/types\/post"}],"author":[{"embeddable":true,"href":"https:\/\/dreamy.tours\/es\/wp-json\/wp\/v2\/users\/1"}],"replies":[{"embeddable":true,"href":"https:\/\/dreamy.tours\/es\/wp-json\/wp\/v2\/comments?post=1348"}],"version-history":[{"count":0,"href":"https:\/\/dreamy.tours\/es\/wp-json\/wp\/v2\/posts\/1348\/revisions"}],"wp:featuredmedia":[{"embeddable":true,"href":"https:\/\/dreamy.tours\/es\/wp-json\/wp\/v2\/media\/498"}],"wp:attachment":[{"href":"https:\/\/dreamy.tours\/es\/wp-json\/wp\/v2\/media?parent=1348"}],"wp:term":[{"taxonomy":"category","embeddable":true,"href":"https:\/\/dreamy.tours\/es\/wp-json\/wp\/v2\/categories?post=1348"},{"taxonomy":"post_tag","embeddable":true,"href":"https:\/\/dreamy.tours\/es\/wp-json\/wp\/v2\/tags?post=1348"}],"curies":[{"name":"wp","href":"https:\/\/api.w.org\/{rel}","templated":true}]}}